{"id":1619,"date":"2024-06-19T07:52:50","date_gmt":"2024-06-19T05:52:50","guid":{"rendered":"https:\/\/nocallarem.org\/orwell-day-art-and-freedom\/"},"modified":"2025-07-09T15:06:45","modified_gmt":"2025-07-09T13:06:45","slug":"orwell-day-art-and-freedom","status":"publish","type":"post","link":"https:\/\/nocallarem.org\/en\/orwell-day-art-and-freedom\/","title":{"rendered":"Orwell Day. Art &#038; Freedom"},"content":{"rendered":"\r\n<p data-start=\"109\" data-end=\"245\">Celebrem cinc anys del projecte d\u2019acollida i refugi d\u2019artistes internacionals represaliats i de defensa de la <strong data-start=\"219\" data-end=\"244\">llibertat d\u2019expressi\u00f3<\/strong>.<\/p>\r\n<p data-start=\"247\" data-end=\"291\">El programa de l\u2019esdeveniment \u00e9s el seg\u00fcent:<\/p>\r\n<p data-start=\"293\" data-end=\"877\"><strong data-start=\"293\" data-end=\"304\">18:00 h<\/strong> \u2013 Taula de di\u00e0leg entre les artistes refugiades <strong data-start=\"353\" data-end=\"371\">Natalia Moyano<\/strong> (artista i advocada argentina, defensora dels drets humans a les organitzacions <strong data-start=\"452\" data-end=\"480\">Abuelas de Plaza de Mayo<\/strong> i <strong data-start=\"483\" data-end=\"497\">H.I.J.O.S.<\/strong>) i <strong data-start=\"501\" data-end=\"521\">Marita Muukkonen<\/strong> i <strong data-start=\"524\" data-end=\"542\">Ivor Stodolsky<\/strong>, fundadors i directors d\u2019<strong data-start=\"568\" data-end=\"592\">Artists at Risk (AR)<\/strong>, una xarxa mundial d\u2019institucions art\u00edstiques que ajuden, reubiquen i financen artistes en risc de persecuci\u00f3 o opressi\u00f3, o que fugen de la guerra o el terror. Aquest di\u00e0leg estar\u00e0 condu\u00eft per <strong data-start=\"786\" data-end=\"800\">Anna Cerd\u00e0<\/strong>, activista, gestora cultural i codirectora del <strong data-start=\"848\" data-end=\"864\" data-is-only-node=\"\">Paral\u00b7lel 62<\/strong> a Barcelona.<\/p>\r\n<p data-start=\"879\" data-end=\"1067\"><strong data-start=\"879\" data-end=\"890\">20:30 h<\/strong> \u2013 Fragment del mon\u00f2leg <em data-start=\"914\" data-end=\"932\">Palabra de Negra<\/em> de <strong data-start=\"936\" data-end=\"961\">Maisa Sally-anna Perk<\/strong>, artivista polifac\u00e8tica, on la identitat, els drets humans i l\u2019antiracisme formen part del fil conductor.<\/p>\r\n<p data-start=\"1069\" data-end=\"1237\"><strong data-start=\"1069\" data-end=\"1080\">21:00 h<\/strong> \u2013 <em data-start=\"1083\" data-end=\"1108\">La Furia de los Pajaros<\/em>, un concert i poesia musical en homenatge als artistes i persones exiliades, refugiades i assassinades pel seu comprom\u00eds social.<\/p>\r\n","protected":false},"excerpt":{"rendered":"<p>La videoassagista Hito Steyerl, l\u2019historiadora de l\u2019art Nausika\u00e4 El-Mecky i l\u2019activista Maria Alekhina parlaran sobre l\u2019art i la llibertat al Centre de Cultura Contempor\u00e0nia de Barcelona. Aquesta activitat forma part del Dia Orwell 2024.<\/p>\n","protected":false},"author":1,"featured_media":598,"comment_status":"closed","ping_status":"closed","sticky":false,"template":"","format":"standard","meta":{"_acf_changed":false,"_et_pb_use_builder":"off","_et_pb_old_content":"","_et_gb_content_width":"","inline_featured_image":false,"footnotes":""},"categories":[27],"tags":[],"class_list":["post-1619","post","type-post","status-publish","format-standard","has-post-thumbnail","hentry","category-eventos-2"],"acf":[],"yoast_head":"<!-- This site is optimized with the Yoast SEO plugin v26.9 - https:\/\/yoast.com\/product\/yoast-seo-wordpress\/ -->\n<title>Orwell Day. Art &amp; Freedom - No Callarem<\/title>\n<meta name=\"robots\" content=\"index, follow, max-snippet:-1, max-image-preview:large, max-video-preview:-1\" \/>\n<link rel=\"canonical\" href=\"https:\/\/nocallarem.org\/orwell-day-art-and-freedom\/\" \/>\n<meta property=\"og:locale\" content=\"en_US\" \/>\n<meta property=\"og:type\" content=\"article\" \/>\n<meta property=\"og:title\" content=\"Orwell Day. Art &amp; Freedom - No Callarem\" \/>\n<meta property=\"og:description\" content=\"La videoassagista Hito Steyerl, l\u2019historiadora de l\u2019art Nausika\u00e4 El-Mecky i l\u2019activista Maria Alekhina parlaran sobre l\u2019art i la llibertat al Centre de Cultura Contempor\u00e0nia de Barcelona. Aquesta activitat forma part del Dia Orwell 2024.\" \/>\n<meta property=\"og:url\" content=\"https:\/\/nocallarem.org\/orwell-day-art-and-freedom\/\" \/>\n<meta property=\"og:site_name\" content=\"No Callarem\" \/>\n<meta property=\"article:published_time\" content=\"2024-06-19T05:52:50+00:00\" \/>\n<meta property=\"article:modified_time\" content=\"2025-07-09T13:06:45+00:00\" \/>\n<meta property=\"og:image\" content=\"https:\/\/nocallarem.org\/wp-content\/uploads\/2024\/11\/debate-cccb.webp\" \/>\n\t<meta property=\"og:image:width\" content=\"630\" \/>\n\t<meta property=\"og:image:height\" content=\"398\" \/>\n\t<meta property=\"og:image:type\" content=\"image\/webp\" \/>\n<meta name=\"author\" content=\"NO CALLAREM\" \/>\n<meta name=\"twitter:card\" content=\"summary_large_image\" \/>\n<meta name=\"twitter:label1\" content=\"Written by\" \/>\n\t<meta name=\"twitter:data1\" content=\"NO CALLAREM\" \/>\n\t<meta name=\"twitter:label2\" content=\"Est. reading time\" \/>\n\t<meta name=\"twitter:data2\" content=\"1 minute\" \/>\n<script type=\"application\/ld+json\" class=\"yoast-schema-graph\">{\"@context\":\"https:\/\/schema.org\",\"@graph\":[{\"@type\":\"Article\",\"@id\":\"https:\/\/nocallarem.org\/orwell-day-art-and-freedom\/#article\",\"isPartOf\":{\"@id\":\"https:\/\/nocallarem.org\/orwell-day-art-and-freedom\/\"},\"author\":{\"name\":\"NO CALLAREM\",\"@id\":\"https:\/\/nocallarem.org\/#\/schema\/person\/69a06715f4bd4ac48d569fc88de88427\"},\"headline\":\"Orwell Day. Art &#038; Freedom\",\"datePublished\":\"2024-06-19T05:52:50+00:00\",\"dateModified\":\"2025-07-09T13:06:45+00:00\",\"mainEntityOfPage\":{\"@id\":\"https:\/\/nocallarem.org\/orwell-day-art-and-freedom\/\"},\"wordCount\":183,\"image\":{\"@id\":\"https:\/\/nocallarem.org\/orwell-day-art-and-freedom\/#primaryimage\"},\"thumbnailUrl\":\"https:\/\/nocallarem.org\/wp-content\/uploads\/2024\/11\/debate-cccb.webp\",\"articleSection\":[\"Eventos\"],\"inLanguage\":\"en-US\"},{\"@type\":\"WebPage\",\"@id\":\"https:\/\/nocallarem.org\/orwell-day-art-and-freedom\/\",\"url\":\"https:\/\/nocallarem.org\/orwell-day-art-and-freedom\/\",\"name\":\"Orwell Day. Art & Freedom - No Callarem\",\"isPartOf\":{\"@id\":\"https:\/\/nocallarem.org\/#website\"},\"primaryImageOfPage\":{\"@id\":\"https:\/\/nocallarem.org\/orwell-day-art-and-freedom\/#primaryimage\"},\"image\":{\"@id\":\"https:\/\/nocallarem.org\/orwell-day-art-and-freedom\/#primaryimage\"},\"thumbnailUrl\":\"https:\/\/nocallarem.org\/wp-content\/uploads\/2024\/11\/debate-cccb.webp\",\"datePublished\":\"2024-06-19T05:52:50+00:00\",\"dateModified\":\"2025-07-09T13:06:45+00:00\",\"author\":{\"@id\":\"https:\/\/nocallarem.org\/#\/schema\/person\/69a06715f4bd4ac48d569fc88de88427\"},\"breadcrumb\":{\"@id\":\"https:\/\/nocallarem.org\/orwell-day-art-and-freedom\/#breadcrumb\"},\"inLanguage\":\"en-US\",\"potentialAction\":[{\"@type\":\"ReadAction\",\"target\":[\"https:\/\/nocallarem.org\/orwell-day-art-and-freedom\/\"]}]},{\"@type\":\"ImageObject\",\"inLanguage\":\"en-US\",\"@id\":\"https:\/\/nocallarem.org\/orwell-day-art-and-freedom\/#primaryimage\",\"url\":\"https:\/\/nocallarem.org\/wp-content\/uploads\/2024\/11\/debate-cccb.webp\",\"contentUrl\":\"https:\/\/nocallarem.org\/wp-content\/uploads\/2024\/11\/debate-cccb.webp\",\"width\":630,\"height\":398,\"caption\":\"Hito Steyerl, Nausika\u00e4 El- Mecky and Maria Alekhina en el CCCB\"},{\"@type\":\"BreadcrumbList\",\"@id\":\"https:\/\/nocallarem.org\/orwell-day-art-and-freedom\/#breadcrumb\",\"itemListElement\":[{\"@type\":\"ListItem\",\"position\":1,\"name\":\"Home\",\"item\":\"https:\/\/nocallarem.org\/en\/\"},{\"@type\":\"ListItem\",\"position\":2,\"name\":\"Orwell Day. Art &#038; Freedom\"}]},{\"@type\":\"WebSite\",\"@id\":\"https:\/\/nocallarem.org\/#website\",\"url\":\"https:\/\/nocallarem.org\/\",\"name\":\"No Callarem\",\"description\":\"Plataforma en defensa del derecho a la libertad de expresi\u00f3n\",\"potentialAction\":[{\"@type\":\"SearchAction\",\"target\":{\"@type\":\"EntryPoint\",\"urlTemplate\":\"https:\/\/nocallarem.org\/?s={search_term_string}\"},\"query-input\":{\"@type\":\"PropertyValueSpecification\",\"valueRequired\":true,\"valueName\":\"search_term_string\"}}],\"inLanguage\":\"en-US\"},{\"@type\":\"Person\",\"@id\":\"https:\/\/nocallarem.org\/#\/schema\/person\/69a06715f4bd4ac48d569fc88de88427\",\"name\":\"NO CALLAREM\",\"image\":{\"@type\":\"ImageObject\",\"inLanguage\":\"en-US\",\"@id\":\"https:\/\/nocallarem.org\/#\/schema\/person\/image\/\",\"url\":\"https:\/\/nocallarem.org\/wp-content\/uploads\/2025\/06\/logo-no-callarem.webp\",\"contentUrl\":\"https:\/\/nocallarem.org\/wp-content\/uploads\/2025\/06\/logo-no-callarem.webp\",\"caption\":\"NO CALLAREM\"},\"description\":\"Con una mirada cr\u00edtica y emp\u00e1tica, No callarem recorre barrios, centros sociales, festivales independientes y proyectos comunitarios, cubriendo eventos culturales que ponen la vida en el centro. Mazclamos cr\u00f3nica, entrevista y opini\u00f3n con una narrativa comprometida que reivindica la belleza y la lucha de quienes crean desde la exclusi\u00f3n. M\u00e1s que escribir sobre arte, No callarem escribe desde el arte como herramienta para dar voz.\",\"sameAs\":[\"https:\/\/nocallarem.org\/\"]}]}<\/script>\n<!-- \/ Yoast SEO plugin. -->","yoast_head_json":{"title":"Orwell Day. Art & Freedom - No Callarem","robots":{"index":"index","follow":"follow","max-snippet":"max-snippet:-1","max-image-preview":"max-image-preview:large","max-video-preview":"max-video-preview:-1"},"canonical":"https:\/\/nocallarem.org\/orwell-day-art-and-freedom\/","og_locale":"en_US","og_type":"article","og_title":"Orwell Day. Art & Freedom - No Callarem","og_description":"La videoassagista Hito Steyerl, l\u2019historiadora de l\u2019art Nausika\u00e4 El-Mecky i l\u2019activista Maria Alekhina parlaran sobre l\u2019art i la llibertat al Centre de Cultura Contempor\u00e0nia de Barcelona. Aquesta activitat forma part del Dia Orwell 2024.","og_url":"https:\/\/nocallarem.org\/orwell-day-art-and-freedom\/","og_site_name":"No Callarem","article_published_time":"2024-06-19T05:52:50+00:00","article_modified_time":"2025-07-09T13:06:45+00:00","og_image":[{"width":630,"height":398,"url":"https:\/\/nocallarem.org\/wp-content\/uploads\/2024\/11\/debate-cccb.webp","type":"image\/webp"}],"author":"NO CALLAREM","twitter_card":"summary_large_image","twitter_misc":{"Written by":"NO CALLAREM","Est. reading time":"1 minute"},"schema":{"@context":"https:\/\/schema.org","@graph":[{"@type":"Article","@id":"https:\/\/nocallarem.org\/orwell-day-art-and-freedom\/#article","isPartOf":{"@id":"https:\/\/nocallarem.org\/orwell-day-art-and-freedom\/"},"author":{"name":"NO CALLAREM","@id":"https:\/\/nocallarem.org\/#\/schema\/person\/69a06715f4bd4ac48d569fc88de88427"},"headline":"Orwell Day. Art &#038; Freedom","datePublished":"2024-06-19T05:52:50+00:00","dateModified":"2025-07-09T13:06:45+00:00","mainEntityOfPage":{"@id":"https:\/\/nocallarem.org\/orwell-day-art-and-freedom\/"},"wordCount":183,"image":{"@id":"https:\/\/nocallarem.org\/orwell-day-art-and-freedom\/#primaryimage"},"thumbnailUrl":"https:\/\/nocallarem.org\/wp-content\/uploads\/2024\/11\/debate-cccb.webp","articleSection":["Eventos"],"inLanguage":"en-US"},{"@type":"WebPage","@id":"https:\/\/nocallarem.org\/orwell-day-art-and-freedom\/","url":"https:\/\/nocallarem.org\/orwell-day-art-and-freedom\/","name":"Orwell Day. Art & Freedom - No Callarem","isPartOf":{"@id":"https:\/\/nocallarem.org\/#website"},"primaryImageOfPage":{"@id":"https:\/\/nocallarem.org\/orwell-day-art-and-freedom\/#primaryimage"},"image":{"@id":"https:\/\/nocallarem.org\/orwell-day-art-and-freedom\/#primaryimage"},"thumbnailUrl":"https:\/\/nocallarem.org\/wp-content\/uploads\/2024\/11\/debate-cccb.webp","datePublished":"2024-06-19T05:52:50+00:00","dateModified":"2025-07-09T13:06:45+00:00","author":{"@id":"https:\/\/nocallarem.org\/#\/schema\/person\/69a06715f4bd4ac48d569fc88de88427"},"breadcrumb":{"@id":"https:\/\/nocallarem.org\/orwell-day-art-and-freedom\/#breadcrumb"},"inLanguage":"en-US","potentialAction":[{"@type":"ReadAction","target":["https:\/\/nocallarem.org\/orwell-day-art-and-freedom\/"]}]},{"@type":"ImageObject","inLanguage":"en-US","@id":"https:\/\/nocallarem.org\/orwell-day-art-and-freedom\/#primaryimage","url":"https:\/\/nocallarem.org\/wp-content\/uploads\/2024\/11\/debate-cccb.webp","contentUrl":"https:\/\/nocallarem.org\/wp-content\/uploads\/2024\/11\/debate-cccb.webp","width":630,"height":398,"caption":"Hito Steyerl, Nausika\u00e4 El- Mecky and Maria Alekhina en el CCCB"},{"@type":"BreadcrumbList","@id":"https:\/\/nocallarem.org\/orwell-day-art-and-freedom\/#breadcrumb","itemListElement":[{"@type":"ListItem","position":1,"name":"Home","item":"https:\/\/nocallarem.org\/en\/"},{"@type":"ListItem","position":2,"name":"Orwell Day. Art &#038; Freedom"}]},{"@type":"WebSite","@id":"https:\/\/nocallarem.org\/#website","url":"https:\/\/nocallarem.org\/","name":"No Callarem","description":"Plataforma en defensa del derecho a la libertad de expresi\u00f3n","potentialAction":[{"@type":"SearchAction","target":{"@type":"EntryPoint","urlTemplate":"https:\/\/nocallarem.org\/?s={search_term_string}"},"query-input":{"@type":"PropertyValueSpecification","valueRequired":true,"valueName":"search_term_string"}}],"inLanguage":"en-US"},{"@type":"Person","@id":"https:\/\/nocallarem.org\/#\/schema\/person\/69a06715f4bd4ac48d569fc88de88427","name":"NO CALLAREM","image":{"@type":"ImageObject","inLanguage":"en-US","@id":"https:\/\/nocallarem.org\/#\/schema\/person\/image\/","url":"https:\/\/nocallarem.org\/wp-content\/uploads\/2025\/06\/logo-no-callarem.webp","contentUrl":"https:\/\/nocallarem.org\/wp-content\/uploads\/2025\/06\/logo-no-callarem.webp","caption":"NO CALLAREM"},"description":"Con una mirada cr\u00edtica y emp\u00e1tica, No callarem recorre barrios, centros sociales, festivales independientes y proyectos comunitarios, cubriendo eventos culturales que ponen la vida en el centro. Mazclamos cr\u00f3nica, entrevista y opini\u00f3n con una narrativa comprometida que reivindica la belleza y la lucha de quienes crean desde la exclusi\u00f3n. M\u00e1s que escribir sobre arte, No callarem escribe desde el arte como herramienta para dar voz.","sameAs":["https:\/\/nocallarem.org\/"]}]}},"_links":{"self":[{"href":"https:\/\/nocallarem.org\/en\/wp-json\/wp\/v2\/posts\/1619","targetHints":{"allow":["GET"]}}],"collection":[{"href":"https:\/\/nocallarem.org\/en\/wp-json\/wp\/v2\/posts"}],"about":[{"href":"https:\/\/nocallarem.org\/en\/wp-json\/wp\/v2\/types\/post"}],"author":[{"embeddable":true,"href":"https:\/\/nocallarem.org\/en\/wp-json\/wp\/v2\/users\/1"}],"replies":[{"embeddable":true,"href":"https:\/\/nocallarem.org\/en\/wp-json\/wp\/v2\/comments?post=1619"}],"version-history":[{"count":2,"href":"https:\/\/nocallarem.org\/en\/wp-json\/wp\/v2\/posts\/1619\/revisions"}],"predecessor-version":[{"id":1808,"href":"https:\/\/nocallarem.org\/en\/wp-json\/wp\/v2\/posts\/1619\/revisions\/1808"}],"wp:featuredmedia":[{"embeddable":true,"href":"https:\/\/nocallarem.org\/en\/wp-json\/wp\/v2\/media\/598"}],"wp:attachment":[{"href":"https:\/\/nocallarem.org\/en\/wp-json\/wp\/v2\/media?parent=1619"}],"wp:term":[{"taxonomy":"category","embeddable":true,"href":"https:\/\/nocallarem.org\/en\/wp-json\/wp\/v2\/categories?post=1619"},{"taxonomy":"post_tag","embeddable":true,"href":"https:\/\/nocallarem.org\/en\/wp-json\/wp\/v2\/tags?post=1619"}],"curies":[{"name":"wp","href":"https:\/\/api.w.org\/{rel}","templated":true}]}}