{"id":2503,"date":"2026-02-16T19:53:43","date_gmt":"2026-02-16T18:53:43","guid":{"rendered":"https:\/\/nocallarem.org\/art-and-transformation-activity-cycle-at-the-fort-pienc-civic-center\/"},"modified":"2026-02-16T20:46:34","modified_gmt":"2026-02-16T19:46:34","slug":"art-and-transformation-activity-cycle-at-the-fort-pienc-civic-center","status":"publish","type":"post","link":"https:\/\/nocallarem.org\/en\/art-and-transformation-activity-cycle-at-the-fort-pienc-civic-center\/","title":{"rendered":"&#8220;Art and Transformation&#8221; activity cycle at the Fort Pienc Civic Center"},"content":{"rendered":"<h2 data-start=\"1629\" data-end=\"1971\">Cinest\u00e8sies, cinema and thought<\/h2>\n<p data-start=\"114\" data-end=\"505\">Cinest\u00e8sies is a thematic cycle that unites cinema and thought to offer tools for reflection and promote a critical look at the issues that permeate society. Through different disciplines and formats, the project seeks to rethink reality and generate spaces for shared dialogue.<\/p>\n<h2 data-start=\"1629\" data-end=\"1971\">Art and transformation<\/h2>\n<p data-start=\"1973\" data-end=\"2514\">Art is a living energy, capable of transforming what seems fixed forever. It is a powerful tool that reveals what remains hidden, that makes visible realities that are often silenced and that questions the structures we take for granted. Art moves, shakes, awakens; and opens spaces for new perspectives on the world and on ourselves.<\/p>\n<p data-start=\"1973\" data-end=\"2514\">In contexts of oppression, imposed silences or censorship, art becomes an act of resistance. It is a voice when there is none, it is a space of freedom when everything seems closed. It transgresses, breaks boundaries and challenges norms to delve into what is uncomfortable, what burns, what forces us to look again.<\/p>\n<p data-start=\"1973\" data-end=\"2514\">Thus, this quarter&#8217;s Cinest\u00e9sies approaches art as a transformative force, as a space of courage and creative fire. A place where culture illuminates, denounces and inspires; a living drive that continues to push us towards more critical, more sensitive and freer futures.<\/p>\n<p data-start=\"3933\" data-end=\"4107\">The program of this cycle consists of the following activities:<\/p>\n<h4>Osama&#8217;s look. From Sudan to Catalonia<\/h4>\n<p><span style=\"color: #666666; font-size: 14px;\">From March 4 to April 9<br \/>Presentation of the work of <a href=\"https:\/\/nocallarem.org\/en\/artista\/osama-khalid\/\" target=\"_blank\" rel=\"noopener\">Osama Khalid<\/a>, resident artist of the project NO CALLAREM Barcelona Artistes en Risc.<br \/><a href=\"https:\/\/www.fortpienc.org\/exposicions\/la-mirada-de-losama-del-sudan-a-catalunya\/\" target=\"_blank\" rel=\"noopener\">More information<\/a><\/span><\/p>\n<h4>Art as a tool of resistance<\/h4>\n<p><strong style=\"color: #666666; font-size: 14px;\">Wednesday, March 4, at 6:30 p.m.<br \/><\/strong><span style=\"color: #666666; font-size: 14px;\">Conversation with the promoters of the NO CALLAREM Barcelona Artistes en Risc project and the Iranian cultural activists hosted in residence in Catalonia (2025 \u2013 2026): <a href=\"https:\/\/nocallarem.org\/en\/artista\/mahsa-mohebali\/\" target=\"_blank\" rel=\"noopener\">Mahsa Mohebali<\/a> and <a href=\"https:\/\/nocallarem.org\/en\/artista\/hossein-zoghi\/\" target=\"_blank\" rel=\"noopener\">Hossein Zoghi<\/a>.<br \/><a href=\"https:\/\/www.fortpienc.org\/conferencies\/lart-com-a-eina-de-resistencia\/\" target=\"_blank\" rel=\"noopener\">More information<\/a><\/span><\/p>\n<h4>No Callarem, a film for freedom<\/h4>\n<p><strong style=\"color: #666666; font-size: 14px;\">Thursday, March 5, at 7 p.m.<br \/><\/strong><span style=\"color: #666666; font-size: 14px;\">Film forum by the team of <a href=\"https:\/\/holabruna.cat\/\" target=\"_blank\" rel=\"noopener\">BRUNA<\/a>, audiovisual cooperative.<br \/><a href=\"https:\/\/www.fortpienc.org\/cinema\/no-callarem-un-film-per-a-la-llibertat\/\" target=\"_blank\" rel=\"noopener\">More information<\/a><\/span><\/p>\n<h4>Live painting and subsequent colloquium<\/h4>\n<p><strong style=\"color: #666666; font-size: 14px;\">Wednesday, March 11, at 6:30 p.m.<br \/><\/strong><span style=\"color: #666666; font-size: 14px;\">By <a href=\"https:\/\/nocallarem.org\/en\/artista\/osama-khalid\/\" target=\"_blank\" rel=\"noopener\">Osama Khalid<\/a> and <a href=\"https:\/\/rafacastaner.com\/\" target=\"_blank\" rel=\"noopener\">Rafa Casta\u00f1er.<\/a><br \/><a href=\"https:\/\/www.fortpienc.org\/activitats\/live-painting-i-colloqui-posterior\/\" target=\"_blank\" rel=\"noopener\">More information<\/a><\/span><\/p>\n<h4>The Apple Day (Rooz E-Sib)<\/h4>\n<p><strong style=\"color: #666666; font-size: 14px;\">Thursday, March 12, at 7 p.m<br \/><\/strong><span style=\"color: #666666; font-size: 14px;\">Cinema forum with the screening of the film &#8220;El dia de la Poma&#8221; (2022), directed by <a href=\"https:\/\/nocallarem.org\/en\/artista\/mahmoud-ghaffari\/\" target=\"_blank\" rel=\"noopener\">Mahmoud Gaffari<\/a> and with a script of <a href=\"https:\/\/nocallarem.org\/en\/artista\/manhaz-jarchi\/\" target=\"_blank\" rel=\"noopener\">Mahnaz Jarchi<\/a>. Presentation by the writer <a href=\"https:\/\/nocallarem.org\/en\/artista\/mahsa-mohebali\/\" target=\"_blank\" rel=\"noopener\">Mahsa Mohebali<\/a> and the jounalist <a href=\"https:\/\/nocallarem.org\/en\/artista\/hossein-zoghi\/\" target=\"_blank\" rel=\"noopener\">Hossein Zoghi<\/a>.<br \/><a href=\"https:\/\/www.fortpienc.org\/cinema\/el-dia-de-la-poma-rooz-e-sib\/\" target=\"_blank\" rel=\"noopener\">More information<\/a><\/span><\/p>\n<p><strong>Enlla\u00e7os d\u2019inter\u00e8s:<\/strong><\/p>\n<ul>\n<li><a href=\"https:\/\/www.fortpienc.org\/art-i-transformacio\/\" target=\"_blank\" rel=\"noopener\">Centre C\u00edvic Fort Pienc<\/a><\/li>\n<li><a href=\"https:\/\/www.instagram.com\/mahsamohebali\/\" target=\"_blank\" rel=\"noopener\">Mahsa Mohebali<\/a><\/li>\n<li><a href=\"https:\/\/www.instagram.com\/hosseinzoghijoniur\/\" target=\"_blank\" rel=\"noopener\">Hossein Zoghi<\/a><\/li>\n<li><a href=\"https:\/\/rafacastaner.com\/\" target=\"_blank\" rel=\"noopener\">Rafa Casta\u00f1er<\/a><\/li>\n<li><a href=\"https:\/\/holabruna.cat\/\" target=\"_blank\" rel=\"noopener\">BRUNA Productora Audiovisual SCCL<\/a><\/li>\n<\/ul>\n","protected":false},"excerpt":{"rendered":"<p>We collaborate with the Fort Pienc Civic Center by organizing the next edition of the &#8220;Cinest\u00e8sies, cinema and thought&#8221; cycle under the title &#8220;Art and transformation&#8221;.<\/p>\n","protected":false},"author":1,"featured_media":2486,"comment_status":"closed","ping_status":"closed","sticky":false,"template":"","format":"standard","meta":{"_acf_changed":false,"_et_pb_use_builder":"off","_et_pb_old_content":"","_et_gb_content_width":"","inline_featured_image":false,"footnotes":""},"categories":[36],"tags":[],"class_list":["post-2503","post","type-post","status-publish","format-standard","has-post-thumbnail","hentry","category-events"],"acf":[],"yoast_head":"<!-- This site is optimized with the Yoast SEO plugin v26.9 - https:\/\/yoast.com\/product\/yoast-seo-wordpress\/ -->\n<title>&quot;Art and Transformation&quot; activity cycle at the Fort Pienc Civic Center - No Callarem<\/title>\n<meta name=\"description\" content=\"We collaborate with the Fort Pienc Civic Center by organizing the next edition of the &quot;Cinest\u00e8sies, cinema and thought&quot; cycle under the title &quot;Art and transformation&quot;.\" \/>\n<meta name=\"robots\" content=\"index, follow, max-snippet:-1, max-image-preview:large, max-video-preview:-1\" \/>\n<link rel=\"canonical\" href=\"https:\/\/nocallarem.org\/cicle-dactivitats-art-i-transformacio-al-centre-civic-fort-pienc\/\" \/>\n<meta property=\"og:locale\" content=\"en_US\" \/>\n<meta property=\"og:type\" content=\"article\" \/>\n<meta property=\"og:title\" content=\"&quot;Art and Transformation&quot; activity cycle at the Fort Pienc Civic Center - No Callarem\" \/>\n<meta property=\"og:description\" content=\"We collaborate with the Fort Pienc Civic Center by organizing the next edition of the &quot;Cinest\u00e8sies, cinema and thought&quot; cycle under the title &quot;Art and transformation&quot;.\" \/>\n<meta property=\"og:url\" content=\"https:\/\/nocallarem.org\/cicle-dactivitats-art-i-transformacio-al-centre-civic-fort-pienc\/\" \/>\n<meta property=\"og:site_name\" content=\"No Callarem\" \/>\n<meta property=\"article:published_time\" content=\"2026-02-16T18:53:43+00:00\" \/>\n<meta property=\"article:modified_time\" content=\"2026-02-16T19:46:34+00:00\" \/>\n<meta property=\"og:image\" content=\"https:\/\/nocallarem.org\/wp-content\/uploads\/2026\/02\/no-callarem-fort-pienc.webp\" \/>\n\t<meta property=\"og:image:width\" content=\"630\" \/>\n\t<meta property=\"og:image:height\" content=\"398\" \/>\n\t<meta property=\"og:image:type\" content=\"image\/webp\" \/>\n<meta name=\"author\" content=\"NO CALLAREM\" \/>\n<meta name=\"twitter:card\" content=\"summary_large_image\" \/>\n<meta name=\"twitter:label1\" content=\"Written by\" \/>\n\t<meta name=\"twitter:data1\" content=\"NO CALLAREM\" \/>\n\t<meta name=\"twitter:label2\" content=\"Est. reading time\" \/>\n\t<meta name=\"twitter:data2\" content=\"2 minutes\" \/>\n<script type=\"application\/ld+json\" class=\"yoast-schema-graph\">{\"@context\":\"https:\/\/schema.org\",\"@graph\":[{\"@type\":\"Article\",\"@id\":\"https:\/\/nocallarem.org\/cicle-dactivitats-art-i-transformacio-al-centre-civic-fort-pienc\/#article\",\"isPartOf\":{\"@id\":\"https:\/\/nocallarem.org\/cicle-dactivitats-art-i-transformacio-al-centre-civic-fort-pienc\/\"},\"author\":{\"name\":\"NO CALLAREM\",\"@id\":\"https:\/\/nocallarem.org\/#\/schema\/person\/69a06715f4bd4ac48d569fc88de88427\"},\"headline\":\"&#8220;Art and Transformation&#8221; activity cycle at the Fort Pienc Civic Center\",\"datePublished\":\"2026-02-16T18:53:43+00:00\",\"dateModified\":\"2026-02-16T19:46:34+00:00\",\"mainEntityOfPage\":{\"@id\":\"https:\/\/nocallarem.org\/cicle-dactivitats-art-i-transformacio-al-centre-civic-fort-pienc\/\"},\"wordCount\":406,\"image\":{\"@id\":\"https:\/\/nocallarem.org\/cicle-dactivitats-art-i-transformacio-al-centre-civic-fort-pienc\/#primaryimage\"},\"thumbnailUrl\":\"https:\/\/nocallarem.org\/wp-content\/uploads\/2026\/02\/no-callarem-fort-pienc.webp\",\"articleSection\":[\"Events\"],\"inLanguage\":\"en-US\"},{\"@type\":\"WebPage\",\"@id\":\"https:\/\/nocallarem.org\/cicle-dactivitats-art-i-transformacio-al-centre-civic-fort-pienc\/\",\"url\":\"https:\/\/nocallarem.org\/cicle-dactivitats-art-i-transformacio-al-centre-civic-fort-pienc\/\",\"name\":\"\\\"Art and Transformation\\\" activity cycle at the Fort Pienc Civic Center - No Callarem\",\"isPartOf\":{\"@id\":\"https:\/\/nocallarem.org\/#website\"},\"primaryImageOfPage\":{\"@id\":\"https:\/\/nocallarem.org\/cicle-dactivitats-art-i-transformacio-al-centre-civic-fort-pienc\/#primaryimage\"},\"image\":{\"@id\":\"https:\/\/nocallarem.org\/cicle-dactivitats-art-i-transformacio-al-centre-civic-fort-pienc\/#primaryimage\"},\"thumbnailUrl\":\"https:\/\/nocallarem.org\/wp-content\/uploads\/2026\/02\/no-callarem-fort-pienc.webp\",\"datePublished\":\"2026-02-16T18:53:43+00:00\",\"dateModified\":\"2026-02-16T19:46:34+00:00\",\"author\":{\"@id\":\"https:\/\/nocallarem.org\/#\/schema\/person\/69a06715f4bd4ac48d569fc88de88427\"},\"description\":\"We collaborate with the Fort Pienc Civic Center by organizing the next edition of the \\\"Cinest\u00e8sies, cinema and thought\\\" cycle under the title \\\"Art and transformation\\\".\",\"breadcrumb\":{\"@id\":\"https:\/\/nocallarem.org\/cicle-dactivitats-art-i-transformacio-al-centre-civic-fort-pienc\/#breadcrumb\"},\"inLanguage\":\"en-US\",\"potentialAction\":[{\"@type\":\"ReadAction\",\"target\":[\"https:\/\/nocallarem.org\/cicle-dactivitats-art-i-transformacio-al-centre-civic-fort-pienc\/\"]}]},{\"@type\":\"ImageObject\",\"inLanguage\":\"en-US\",\"@id\":\"https:\/\/nocallarem.org\/cicle-dactivitats-art-i-transformacio-al-centre-civic-fort-pienc\/#primaryimage\",\"url\":\"https:\/\/nocallarem.org\/wp-content\/uploads\/2026\/02\/no-callarem-fort-pienc.webp\",\"contentUrl\":\"https:\/\/nocallarem.org\/wp-content\/uploads\/2026\/02\/no-callarem-fort-pienc.webp\",\"width\":630,\"height\":398,\"caption\":\"Art i transformaci\u00f3. Cicle d'activitats al Centre C\u00edvic Fort Pienc de Barcelona\"},{\"@type\":\"BreadcrumbList\",\"@id\":\"https:\/\/nocallarem.org\/cicle-dactivitats-art-i-transformacio-al-centre-civic-fort-pienc\/#breadcrumb\",\"itemListElement\":[{\"@type\":\"ListItem\",\"position\":1,\"name\":\"Home\",\"item\":\"https:\/\/nocallarem.org\/en\/\"},{\"@type\":\"ListItem\",\"position\":2,\"name\":\"&#8220;Art and Transformation&#8221; activity cycle at the Fort Pienc Civic Center\"}]},{\"@type\":\"WebSite\",\"@id\":\"https:\/\/nocallarem.org\/#website\",\"url\":\"https:\/\/nocallarem.org\/\",\"name\":\"No Callarem\",\"description\":\"Plataforma en defensa del derecho a la libertad de expresi\u00f3n\",\"potentialAction\":[{\"@type\":\"SearchAction\",\"target\":{\"@type\":\"EntryPoint\",\"urlTemplate\":\"https:\/\/nocallarem.org\/?s={search_term_string}\"},\"query-input\":{\"@type\":\"PropertyValueSpecification\",\"valueRequired\":true,\"valueName\":\"search_term_string\"}}],\"inLanguage\":\"en-US\"},{\"@type\":\"Person\",\"@id\":\"https:\/\/nocallarem.org\/#\/schema\/person\/69a06715f4bd4ac48d569fc88de88427\",\"name\":\"NO CALLAREM\",\"image\":{\"@type\":\"ImageObject\",\"inLanguage\":\"en-US\",\"@id\":\"https:\/\/nocallarem.org\/#\/schema\/person\/image\/\",\"url\":\"https:\/\/nocallarem.org\/wp-content\/uploads\/2025\/06\/logo-no-callarem.webp\",\"contentUrl\":\"https:\/\/nocallarem.org\/wp-content\/uploads\/2025\/06\/logo-no-callarem.webp\",\"caption\":\"NO CALLAREM\"},\"description\":\"Con una mirada cr\u00edtica y emp\u00e1tica, No callarem recorre barrios, centros sociales, festivales independientes y proyectos comunitarios, cubriendo eventos culturales que ponen la vida en el centro. Mazclamos cr\u00f3nica, entrevista y opini\u00f3n con una narrativa comprometida que reivindica la belleza y la lucha de quienes crean desde la exclusi\u00f3n. M\u00e1s que escribir sobre arte, No callarem escribe desde el arte como herramienta para dar voz.\",\"sameAs\":[\"https:\/\/nocallarem.org\/\"]}]}<\/script>\n<!-- \/ Yoast SEO plugin. -->","yoast_head_json":{"title":"\"Art and Transformation\" activity cycle at the Fort Pienc Civic Center - No Callarem","description":"We collaborate with the Fort Pienc Civic Center by organizing the next edition of the \"Cinest\u00e8sies, cinema and thought\" cycle under the title \"Art and transformation\".","robots":{"index":"index","follow":"follow","max-snippet":"max-snippet:-1","max-image-preview":"max-image-preview:large","max-video-preview":"max-video-preview:-1"},"canonical":"https:\/\/nocallarem.org\/cicle-dactivitats-art-i-transformacio-al-centre-civic-fort-pienc\/","og_locale":"en_US","og_type":"article","og_title":"\"Art and Transformation\" activity cycle at the Fort Pienc Civic Center - No Callarem","og_description":"We collaborate with the Fort Pienc Civic Center by organizing the next edition of the \"Cinest\u00e8sies, cinema and thought\" cycle under the title \"Art and transformation\".","og_url":"https:\/\/nocallarem.org\/cicle-dactivitats-art-i-transformacio-al-centre-civic-fort-pienc\/","og_site_name":"No Callarem","article_published_time":"2026-02-16T18:53:43+00:00","article_modified_time":"2026-02-16T19:46:34+00:00","og_image":[{"width":630,"height":398,"url":"https:\/\/nocallarem.org\/wp-content\/uploads\/2026\/02\/no-callarem-fort-pienc.webp","type":"image\/webp"}],"author":"NO CALLAREM","twitter_card":"summary_large_image","twitter_misc":{"Written by":"NO CALLAREM","Est. reading time":"2 minutes"},"schema":{"@context":"https:\/\/schema.org","@graph":[{"@type":"Article","@id":"https:\/\/nocallarem.org\/cicle-dactivitats-art-i-transformacio-al-centre-civic-fort-pienc\/#article","isPartOf":{"@id":"https:\/\/nocallarem.org\/cicle-dactivitats-art-i-transformacio-al-centre-civic-fort-pienc\/"},"author":{"name":"NO CALLAREM","@id":"https:\/\/nocallarem.org\/#\/schema\/person\/69a06715f4bd4ac48d569fc88de88427"},"headline":"&#8220;Art and Transformation&#8221; activity cycle at the Fort Pienc Civic Center","datePublished":"2026-02-16T18:53:43+00:00","dateModified":"2026-02-16T19:46:34+00:00","mainEntityOfPage":{"@id":"https:\/\/nocallarem.org\/cicle-dactivitats-art-i-transformacio-al-centre-civic-fort-pienc\/"},"wordCount":406,"image":{"@id":"https:\/\/nocallarem.org\/cicle-dactivitats-art-i-transformacio-al-centre-civic-fort-pienc\/#primaryimage"},"thumbnailUrl":"https:\/\/nocallarem.org\/wp-content\/uploads\/2026\/02\/no-callarem-fort-pienc.webp","articleSection":["Events"],"inLanguage":"en-US"},{"@type":"WebPage","@id":"https:\/\/nocallarem.org\/cicle-dactivitats-art-i-transformacio-al-centre-civic-fort-pienc\/","url":"https:\/\/nocallarem.org\/cicle-dactivitats-art-i-transformacio-al-centre-civic-fort-pienc\/","name":"\"Art and Transformation\" activity cycle at the Fort Pienc Civic Center - No Callarem","isPartOf":{"@id":"https:\/\/nocallarem.org\/#website"},"primaryImageOfPage":{"@id":"https:\/\/nocallarem.org\/cicle-dactivitats-art-i-transformacio-al-centre-civic-fort-pienc\/#primaryimage"},"image":{"@id":"https:\/\/nocallarem.org\/cicle-dactivitats-art-i-transformacio-al-centre-civic-fort-pienc\/#primaryimage"},"thumbnailUrl":"https:\/\/nocallarem.org\/wp-content\/uploads\/2026\/02\/no-callarem-fort-pienc.webp","datePublished":"2026-02-16T18:53:43+00:00","dateModified":"2026-02-16T19:46:34+00:00","author":{"@id":"https:\/\/nocallarem.org\/#\/schema\/person\/69a06715f4bd4ac48d569fc88de88427"},"description":"We collaborate with the Fort Pienc Civic Center by organizing the next edition of the \"Cinest\u00e8sies, cinema and thought\" cycle under the title \"Art and transformation\".","breadcrumb":{"@id":"https:\/\/nocallarem.org\/cicle-dactivitats-art-i-transformacio-al-centre-civic-fort-pienc\/#breadcrumb"},"inLanguage":"en-US","potentialAction":[{"@type":"ReadAction","target":["https:\/\/nocallarem.org\/cicle-dactivitats-art-i-transformacio-al-centre-civic-fort-pienc\/"]}]},{"@type":"ImageObject","inLanguage":"en-US","@id":"https:\/\/nocallarem.org\/cicle-dactivitats-art-i-transformacio-al-centre-civic-fort-pienc\/#primaryimage","url":"https:\/\/nocallarem.org\/wp-content\/uploads\/2026\/02\/no-callarem-fort-pienc.webp","contentUrl":"https:\/\/nocallarem.org\/wp-content\/uploads\/2026\/02\/no-callarem-fort-pienc.webp","width":630,"height":398,"caption":"Art i transformaci\u00f3. Cicle d'activitats al Centre C\u00edvic Fort Pienc de Barcelona"},{"@type":"BreadcrumbList","@id":"https:\/\/nocallarem.org\/cicle-dactivitats-art-i-transformacio-al-centre-civic-fort-pienc\/#breadcrumb","itemListElement":[{"@type":"ListItem","position":1,"name":"Home","item":"https:\/\/nocallarem.org\/en\/"},{"@type":"ListItem","position":2,"name":"&#8220;Art and Transformation&#8221; activity cycle at the Fort Pienc Civic Center"}]},{"@type":"WebSite","@id":"https:\/\/nocallarem.org\/#website","url":"https:\/\/nocallarem.org\/","name":"No Callarem","description":"Plataforma en defensa del derecho a la libertad de expresi\u00f3n","potentialAction":[{"@type":"SearchAction","target":{"@type":"EntryPoint","urlTemplate":"https:\/\/nocallarem.org\/?s={search_term_string}"},"query-input":{"@type":"PropertyValueSpecification","valueRequired":true,"valueName":"search_term_string"}}],"inLanguage":"en-US"},{"@type":"Person","@id":"https:\/\/nocallarem.org\/#\/schema\/person\/69a06715f4bd4ac48d569fc88de88427","name":"NO CALLAREM","image":{"@type":"ImageObject","inLanguage":"en-US","@id":"https:\/\/nocallarem.org\/#\/schema\/person\/image\/","url":"https:\/\/nocallarem.org\/wp-content\/uploads\/2025\/06\/logo-no-callarem.webp","contentUrl":"https:\/\/nocallarem.org\/wp-content\/uploads\/2025\/06\/logo-no-callarem.webp","caption":"NO CALLAREM"},"description":"Con una mirada cr\u00edtica y emp\u00e1tica, No callarem recorre barrios, centros sociales, festivales independientes y proyectos comunitarios, cubriendo eventos culturales que ponen la vida en el centro. Mazclamos cr\u00f3nica, entrevista y opini\u00f3n con una narrativa comprometida que reivindica la belleza y la lucha de quienes crean desde la exclusi\u00f3n. M\u00e1s que escribir sobre arte, No callarem escribe desde el arte como herramienta para dar voz.","sameAs":["https:\/\/nocallarem.org\/"]}]}},"_links":{"self":[{"href":"https:\/\/nocallarem.org\/en\/wp-json\/wp\/v2\/posts\/2503","targetHints":{"allow":["GET"]}}],"collection":[{"href":"https:\/\/nocallarem.org\/en\/wp-json\/wp\/v2\/posts"}],"about":[{"href":"https:\/\/nocallarem.org\/en\/wp-json\/wp\/v2\/types\/post"}],"author":[{"embeddable":true,"href":"https:\/\/nocallarem.org\/en\/wp-json\/wp\/v2\/users\/1"}],"replies":[{"embeddable":true,"href":"https:\/\/nocallarem.org\/en\/wp-json\/wp\/v2\/comments?post=2503"}],"version-history":[{"count":1,"href":"https:\/\/nocallarem.org\/en\/wp-json\/wp\/v2\/posts\/2503\/revisions"}],"predecessor-version":[{"id":2504,"href":"https:\/\/nocallarem.org\/en\/wp-json\/wp\/v2\/posts\/2503\/revisions\/2504"}],"wp:featuredmedia":[{"embeddable":true,"href":"https:\/\/nocallarem.org\/en\/wp-json\/wp\/v2\/media\/2486"}],"wp:attachment":[{"href":"https:\/\/nocallarem.org\/en\/wp-json\/wp\/v2\/media?parent=2503"}],"wp:term":[{"taxonomy":"category","embeddable":true,"href":"https:\/\/nocallarem.org\/en\/wp-json\/wp\/v2\/categories?post=2503"},{"taxonomy":"post_tag","embeddable":true,"href":"https:\/\/nocallarem.org\/en\/wp-json\/wp\/v2\/tags?post=2503"}],"curies":[{"name":"wp","href":"https:\/\/api.w.org\/{rel}","templated":true}]}}