{"id":2513,"date":"2026-01-26T20:47:47","date_gmt":"2026-01-26T19:47:47","guid":{"rendered":"https:\/\/nocallarem.org\/osama-khalids-visit-to-the-marti-pous-institute\/"},"modified":"2026-01-26T20:47:47","modified_gmt":"2026-01-26T19:47:47","slug":"osama-khalids-visit-to-the-marti-pous-institute","status":"publish","type":"post","link":"https:\/\/nocallarem.org\/en\/osama-khalids-visit-to-the-marti-pous-institute\/","title":{"rendered":"Osama Khalid&#8217;s visit to the Mart\u00ed Pous Institute"},"content":{"rendered":"<p>Thanks to this collaboration with the Institut Mart\u00ed Pous in Barcelona, \u200b\u200b\u200b\u200bthe Sudanese visual artist Osama Khalid, resident in our project NO CALLAREM Barcelona Artists at Risk, will be able to share his life experiences with the students of the center.<\/p>\n<p>The objective of this school activity is for young people to become aware of the defense of cultural rights and of creative people who face situations of serious danger in many places around the world.<\/p>\n<p>After the talk where Osama will share the experience of his exile in Egypt as a result of the Civil War that ravaged his country, the artist will show some videos in which he will offer the students his perspective on the city of Barcelona.<\/p>\n<p>Links of interest:<\/p>\n<ul>\n<li><a href=\"https:\/\/agora.xtec.cat\/insmartipous\/\" target=\"_blank\" rel=\"noopener\">Institut Mart\u00ed Pous<\/a><\/li>\n<li><a href=\"https:\/\/nocallarem.org\/en\/artista\/osama-khalid\/\" target=\"_blank\" rel=\"noopener\">Osama Khalid<\/a><\/li>\n<\/ul>\n","protected":false},"excerpt":{"rendered":"<p>Our resident Osama Khalid visits the students of the Mart\u00ed Pous Institute in Barcelona<\/p>\n","protected":false},"author":1,"featured_media":2508,"comment_status":"closed","ping_status":"closed","sticky":false,"template":"","format":"standard","meta":{"_acf_changed":false,"_et_pb_use_builder":"off","_et_pb_old_content":"","_et_gb_content_width":"","inline_featured_image":false,"footnotes":""},"categories":[36],"tags":[],"class_list":["post-2513","post","type-post","status-publish","format-standard","has-post-thumbnail","hentry","category-events"],"acf":[],"yoast_head":"<!-- This site is optimized with the Yoast SEO plugin v26.9 - https:\/\/yoast.com\/product\/yoast-seo-wordpress\/ -->\n<title>Osama Khalid&#039;s visit to the Mart\u00ed Pous Institute - No Callarem<\/title>\n<meta name=\"description\" content=\"Our resident Osama Khalid visits the students of the Mart\u00ed Pous Institute in Barcelona.\" \/>\n<meta name=\"robots\" content=\"index, follow, max-snippet:-1, max-image-preview:large, max-video-preview:-1\" \/>\n<link rel=\"canonical\" href=\"https:\/\/nocallarem.org\/visita-de-osama-khalid-a-linstitut-marti-pous\/\" \/>\n<meta property=\"og:locale\" content=\"en_US\" \/>\n<meta property=\"og:type\" content=\"article\" \/>\n<meta property=\"og:title\" content=\"Osama Khalid&#039;s visit to the Mart\u00ed Pous Institute - No Callarem\" \/>\n<meta property=\"og:description\" content=\"Our resident Osama Khalid visits the students of the Mart\u00ed Pous Institute in Barcelona.\" \/>\n<meta property=\"og:url\" content=\"https:\/\/nocallarem.org\/visita-de-osama-khalid-a-linstitut-marti-pous\/\" \/>\n<meta property=\"og:site_name\" content=\"No Callarem\" \/>\n<meta property=\"article:published_time\" content=\"2026-01-26T19:47:47+00:00\" \/>\n<meta property=\"og:image\" content=\"https:\/\/nocallarem.org\/wp-content\/uploads\/2026\/01\/osama-khalid-institu-marti-pous.webp\" \/>\n\t<meta property=\"og:image:width\" content=\"630\" \/>\n\t<meta property=\"og:image:height\" content=\"398\" \/>\n\t<meta property=\"og:image:type\" content=\"image\/webp\" \/>\n<meta name=\"author\" content=\"NO CALLAREM\" \/>\n<meta name=\"twitter:card\" content=\"summary_large_image\" \/>\n<meta name=\"twitter:label1\" content=\"Written by\" \/>\n\t<meta name=\"twitter:data1\" content=\"NO CALLAREM\" \/>\n\t<meta name=\"twitter:label2\" content=\"Est. reading time\" \/>\n\t<meta name=\"twitter:data2\" content=\"1 minute\" \/>\n<script type=\"application\/ld+json\" class=\"yoast-schema-graph\">{\"@context\":\"https:\/\/schema.org\",\"@graph\":[{\"@type\":\"Article\",\"@id\":\"https:\/\/nocallarem.org\/visita-de-osama-khalid-a-linstitut-marti-pous\/#article\",\"isPartOf\":{\"@id\":\"https:\/\/nocallarem.org\/visita-de-osama-khalid-a-linstitut-marti-pous\/\"},\"author\":{\"name\":\"NO CALLAREM\",\"@id\":\"https:\/\/nocallarem.org\/#\/schema\/person\/69a06715f4bd4ac48d569fc88de88427\"},\"headline\":\"Osama Khalid&#8217;s visit to the Mart\u00ed Pous Institute\",\"datePublished\":\"2026-01-26T19:47:47+00:00\",\"mainEntityOfPage\":{\"@id\":\"https:\/\/nocallarem.org\/visita-de-osama-khalid-a-linstitut-marti-pous\/\"},\"wordCount\":138,\"image\":{\"@id\":\"https:\/\/nocallarem.org\/visita-de-osama-khalid-a-linstitut-marti-pous\/#primaryimage\"},\"thumbnailUrl\":\"https:\/\/nocallarem.org\/wp-content\/uploads\/2026\/01\/osama-khalid-institu-marti-pous.webp\",\"articleSection\":[\"Events\"],\"inLanguage\":\"en-US\"},{\"@type\":\"WebPage\",\"@id\":\"https:\/\/nocallarem.org\/visita-de-osama-khalid-a-linstitut-marti-pous\/\",\"url\":\"https:\/\/nocallarem.org\/visita-de-osama-khalid-a-linstitut-marti-pous\/\",\"name\":\"Osama Khalid's visit to the Mart\u00ed Pous Institute - No Callarem\",\"isPartOf\":{\"@id\":\"https:\/\/nocallarem.org\/#website\"},\"primaryImageOfPage\":{\"@id\":\"https:\/\/nocallarem.org\/visita-de-osama-khalid-a-linstitut-marti-pous\/#primaryimage\"},\"image\":{\"@id\":\"https:\/\/nocallarem.org\/visita-de-osama-khalid-a-linstitut-marti-pous\/#primaryimage\"},\"thumbnailUrl\":\"https:\/\/nocallarem.org\/wp-content\/uploads\/2026\/01\/osama-khalid-institu-marti-pous.webp\",\"datePublished\":\"2026-01-26T19:47:47+00:00\",\"author\":{\"@id\":\"https:\/\/nocallarem.org\/#\/schema\/person\/69a06715f4bd4ac48d569fc88de88427\"},\"description\":\"Our resident Osama Khalid visits the students of the Mart\u00ed Pous Institute in Barcelona.\",\"breadcrumb\":{\"@id\":\"https:\/\/nocallarem.org\/visita-de-osama-khalid-a-linstitut-marti-pous\/#breadcrumb\"},\"inLanguage\":\"en-US\",\"potentialAction\":[{\"@type\":\"ReadAction\",\"target\":[\"https:\/\/nocallarem.org\/visita-de-osama-khalid-a-linstitut-marti-pous\/\"]}]},{\"@type\":\"ImageObject\",\"inLanguage\":\"en-US\",\"@id\":\"https:\/\/nocallarem.org\/visita-de-osama-khalid-a-linstitut-marti-pous\/#primaryimage\",\"url\":\"https:\/\/nocallarem.org\/wp-content\/uploads\/2026\/01\/osama-khalid-institu-marti-pous.webp\",\"contentUrl\":\"https:\/\/nocallarem.org\/wp-content\/uploads\/2026\/01\/osama-khalid-institu-marti-pous.webp\",\"width\":630,\"height\":398,\"caption\":\"Visita de l'artista Osama Khalid a l'Institut Mart\u00ed Pous\"},{\"@type\":\"BreadcrumbList\",\"@id\":\"https:\/\/nocallarem.org\/visita-de-osama-khalid-a-linstitut-marti-pous\/#breadcrumb\",\"itemListElement\":[{\"@type\":\"ListItem\",\"position\":1,\"name\":\"Home\",\"item\":\"https:\/\/nocallarem.org\/en\/\"},{\"@type\":\"ListItem\",\"position\":2,\"name\":\"Osama Khalid&#8217;s visit to the Mart\u00ed Pous Institute\"}]},{\"@type\":\"WebSite\",\"@id\":\"https:\/\/nocallarem.org\/#website\",\"url\":\"https:\/\/nocallarem.org\/\",\"name\":\"No Callarem\",\"description\":\"Plataforma en defensa del derecho a la libertad de expresi\u00f3n\",\"potentialAction\":[{\"@type\":\"SearchAction\",\"target\":{\"@type\":\"EntryPoint\",\"urlTemplate\":\"https:\/\/nocallarem.org\/?s={search_term_string}\"},\"query-input\":{\"@type\":\"PropertyValueSpecification\",\"valueRequired\":true,\"valueName\":\"search_term_string\"}}],\"inLanguage\":\"en-US\"},{\"@type\":\"Person\",\"@id\":\"https:\/\/nocallarem.org\/#\/schema\/person\/69a06715f4bd4ac48d569fc88de88427\",\"name\":\"NO CALLAREM\",\"image\":{\"@type\":\"ImageObject\",\"inLanguage\":\"en-US\",\"@id\":\"https:\/\/nocallarem.org\/#\/schema\/person\/image\/\",\"url\":\"https:\/\/nocallarem.org\/wp-content\/uploads\/2025\/06\/logo-no-callarem.webp\",\"contentUrl\":\"https:\/\/nocallarem.org\/wp-content\/uploads\/2025\/06\/logo-no-callarem.webp\",\"caption\":\"NO CALLAREM\"},\"description\":\"Con una mirada cr\u00edtica y emp\u00e1tica, No callarem recorre barrios, centros sociales, festivales independientes y proyectos comunitarios, cubriendo eventos culturales que ponen la vida en el centro. Mazclamos cr\u00f3nica, entrevista y opini\u00f3n con una narrativa comprometida que reivindica la belleza y la lucha de quienes crean desde la exclusi\u00f3n. M\u00e1s que escribir sobre arte, No callarem escribe desde el arte como herramienta para dar voz.\",\"sameAs\":[\"https:\/\/nocallarem.org\/\"]}]}<\/script>\n<!-- \/ Yoast SEO plugin. -->","yoast_head_json":{"title":"Osama Khalid's visit to the Mart\u00ed Pous Institute - No Callarem","description":"Our resident Osama Khalid visits the students of the Mart\u00ed Pous Institute in Barcelona.","robots":{"index":"index","follow":"follow","max-snippet":"max-snippet:-1","max-image-preview":"max-image-preview:large","max-video-preview":"max-video-preview:-1"},"canonical":"https:\/\/nocallarem.org\/visita-de-osama-khalid-a-linstitut-marti-pous\/","og_locale":"en_US","og_type":"article","og_title":"Osama Khalid's visit to the Mart\u00ed Pous Institute - No Callarem","og_description":"Our resident Osama Khalid visits the students of the Mart\u00ed Pous Institute in Barcelona.","og_url":"https:\/\/nocallarem.org\/visita-de-osama-khalid-a-linstitut-marti-pous\/","og_site_name":"No Callarem","article_published_time":"2026-01-26T19:47:47+00:00","og_image":[{"width":630,"height":398,"url":"https:\/\/nocallarem.org\/wp-content\/uploads\/2026\/01\/osama-khalid-institu-marti-pous.webp","type":"image\/webp"}],"author":"NO CALLAREM","twitter_card":"summary_large_image","twitter_misc":{"Written by":"NO CALLAREM","Est. reading time":"1 minute"},"schema":{"@context":"https:\/\/schema.org","@graph":[{"@type":"Article","@id":"https:\/\/nocallarem.org\/visita-de-osama-khalid-a-linstitut-marti-pous\/#article","isPartOf":{"@id":"https:\/\/nocallarem.org\/visita-de-osama-khalid-a-linstitut-marti-pous\/"},"author":{"name":"NO CALLAREM","@id":"https:\/\/nocallarem.org\/#\/schema\/person\/69a06715f4bd4ac48d569fc88de88427"},"headline":"Osama Khalid&#8217;s visit to the Mart\u00ed Pous Institute","datePublished":"2026-01-26T19:47:47+00:00","mainEntityOfPage":{"@id":"https:\/\/nocallarem.org\/visita-de-osama-khalid-a-linstitut-marti-pous\/"},"wordCount":138,"image":{"@id":"https:\/\/nocallarem.org\/visita-de-osama-khalid-a-linstitut-marti-pous\/#primaryimage"},"thumbnailUrl":"https:\/\/nocallarem.org\/wp-content\/uploads\/2026\/01\/osama-khalid-institu-marti-pous.webp","articleSection":["Events"],"inLanguage":"en-US"},{"@type":"WebPage","@id":"https:\/\/nocallarem.org\/visita-de-osama-khalid-a-linstitut-marti-pous\/","url":"https:\/\/nocallarem.org\/visita-de-osama-khalid-a-linstitut-marti-pous\/","name":"Osama Khalid's visit to the Mart\u00ed Pous Institute - No Callarem","isPartOf":{"@id":"https:\/\/nocallarem.org\/#website"},"primaryImageOfPage":{"@id":"https:\/\/nocallarem.org\/visita-de-osama-khalid-a-linstitut-marti-pous\/#primaryimage"},"image":{"@id":"https:\/\/nocallarem.org\/visita-de-osama-khalid-a-linstitut-marti-pous\/#primaryimage"},"thumbnailUrl":"https:\/\/nocallarem.org\/wp-content\/uploads\/2026\/01\/osama-khalid-institu-marti-pous.webp","datePublished":"2026-01-26T19:47:47+00:00","author":{"@id":"https:\/\/nocallarem.org\/#\/schema\/person\/69a06715f4bd4ac48d569fc88de88427"},"description":"Our resident Osama Khalid visits the students of the Mart\u00ed Pous Institute in Barcelona.","breadcrumb":{"@id":"https:\/\/nocallarem.org\/visita-de-osama-khalid-a-linstitut-marti-pous\/#breadcrumb"},"inLanguage":"en-US","potentialAction":[{"@type":"ReadAction","target":["https:\/\/nocallarem.org\/visita-de-osama-khalid-a-linstitut-marti-pous\/"]}]},{"@type":"ImageObject","inLanguage":"en-US","@id":"https:\/\/nocallarem.org\/visita-de-osama-khalid-a-linstitut-marti-pous\/#primaryimage","url":"https:\/\/nocallarem.org\/wp-content\/uploads\/2026\/01\/osama-khalid-institu-marti-pous.webp","contentUrl":"https:\/\/nocallarem.org\/wp-content\/uploads\/2026\/01\/osama-khalid-institu-marti-pous.webp","width":630,"height":398,"caption":"Visita de l'artista Osama Khalid a l'Institut Mart\u00ed Pous"},{"@type":"BreadcrumbList","@id":"https:\/\/nocallarem.org\/visita-de-osama-khalid-a-linstitut-marti-pous\/#breadcrumb","itemListElement":[{"@type":"ListItem","position":1,"name":"Home","item":"https:\/\/nocallarem.org\/en\/"},{"@type":"ListItem","position":2,"name":"Osama Khalid&#8217;s visit to the Mart\u00ed Pous Institute"}]},{"@type":"WebSite","@id":"https:\/\/nocallarem.org\/#website","url":"https:\/\/nocallarem.org\/","name":"No Callarem","description":"Plataforma en defensa del derecho a la libertad de expresi\u00f3n","potentialAction":[{"@type":"SearchAction","target":{"@type":"EntryPoint","urlTemplate":"https:\/\/nocallarem.org\/?s={search_term_string}"},"query-input":{"@type":"PropertyValueSpecification","valueRequired":true,"valueName":"search_term_string"}}],"inLanguage":"en-US"},{"@type":"Person","@id":"https:\/\/nocallarem.org\/#\/schema\/person\/69a06715f4bd4ac48d569fc88de88427","name":"NO CALLAREM","image":{"@type":"ImageObject","inLanguage":"en-US","@id":"https:\/\/nocallarem.org\/#\/schema\/person\/image\/","url":"https:\/\/nocallarem.org\/wp-content\/uploads\/2025\/06\/logo-no-callarem.webp","contentUrl":"https:\/\/nocallarem.org\/wp-content\/uploads\/2025\/06\/logo-no-callarem.webp","caption":"NO CALLAREM"},"description":"Con una mirada cr\u00edtica y emp\u00e1tica, No callarem recorre barrios, centros sociales, festivales independientes y proyectos comunitarios, cubriendo eventos culturales que ponen la vida en el centro. Mazclamos cr\u00f3nica, entrevista y opini\u00f3n con una narrativa comprometida que reivindica la belleza y la lucha de quienes crean desde la exclusi\u00f3n. M\u00e1s que escribir sobre arte, No callarem escribe desde el arte como herramienta para dar voz.","sameAs":["https:\/\/nocallarem.org\/"]}]}},"_links":{"self":[{"href":"https:\/\/nocallarem.org\/en\/wp-json\/wp\/v2\/posts\/2513","targetHints":{"allow":["GET"]}}],"collection":[{"href":"https:\/\/nocallarem.org\/en\/wp-json\/wp\/v2\/posts"}],"about":[{"href":"https:\/\/nocallarem.org\/en\/wp-json\/wp\/v2\/types\/post"}],"author":[{"embeddable":true,"href":"https:\/\/nocallarem.org\/en\/wp-json\/wp\/v2\/users\/1"}],"replies":[{"embeddable":true,"href":"https:\/\/nocallarem.org\/en\/wp-json\/wp\/v2\/comments?post=2513"}],"version-history":[{"count":0,"href":"https:\/\/nocallarem.org\/en\/wp-json\/wp\/v2\/posts\/2513\/revisions"}],"wp:featuredmedia":[{"embeddable":true,"href":"https:\/\/nocallarem.org\/en\/wp-json\/wp\/v2\/media\/2508"}],"wp:attachment":[{"href":"https:\/\/nocallarem.org\/en\/wp-json\/wp\/v2\/media?parent=2513"}],"wp:term":[{"taxonomy":"category","embeddable":true,"href":"https:\/\/nocallarem.org\/en\/wp-json\/wp\/v2\/categories?post=2513"},{"taxonomy":"post_tag","embeddable":true,"href":"https:\/\/nocallarem.org\/en\/wp-json\/wp\/v2\/tags?post=2513"}],"curies":[{"name":"wp","href":"https:\/\/api.w.org\/{rel}","templated":true}]}}