{"id":1,"date":"2024-06-19T07:52:50","date_gmt":"2024-06-19T05:52:50","guid":{"rendered":"https:\/\/nocallarem.org\/home\/nocallarem\/public_html\/?p=1"},"modified":"2025-06-05T09:41:02","modified_gmt":"2025-06-05T07:41:02","slug":"orwell-day-art-and-freedom","status":"publish","type":"post","link":"https:\/\/nocallarem.org\/es\/orwell-day-art-and-freedom\/","title":{"rendered":"Orwell Day. Art &#038; Freedom"},"content":{"rendered":"\r\n<p>Celebramos cinco a\u00f1os del proyecto de acogida y refugio de artistas internacionales represaliados y de defensa de la libertat de expresi\u00f3n.<\/p>\r\n<p>El programa del evento es el siguiente:<\/p>\r\n<p>18:00 h \u2013 Taula di\u00e0leg entre les artistes refugiades Natalia Moyano (artista i advocada argentina defensora dels Drets Humans a les organitzacions Abuelas de Plaza de Mayo i H.I.J.O.S) i Marita Muukkonen i Ivor Stodolsky fundadors i directors de Artist at Risk (AR), una xarxa mundial d\u2019institucions art\u00edstiques, per a ajudar, reubicar i finan\u00e7ar a artistes en risc de persecuci\u00f3 o opressi\u00f3, o que fugen de la guerra o el terror. Aquest di\u00e0leg estar\u00e0 guiat per Anna Cerd\u00e0, activista, gestora cultural i codirectora del Paral\u00b7lel 62 a Barcelona.<\/p>\r\n<p>20:30 h \u2013 Fragment del mon\u00f2leg \u201cPalabra de Negra\u201d de Maisa Sally-anna Perk, artivista polifac\u00e8tica, on la identitat, els drets humans i l\u2019antiracisme formen part del fil conductor.<\/p>\r\n<p>21:00 h \u2013 La Furia de los Pajaros, un concert i poesia musical en homenatge als artistes i persones exiliades, refugiades i assassinades pel seu comprom\u00eds social.<\/p>\r\n","protected":false},"excerpt":{"rendered":"<p>La videoensayista Hito Steyerl, la historiadora del arte Nausika\u00e4 El-Mecky y la activista Maria Alekhina hablar\u00e1n sobre el arte y la libertad en el Centro de Cultura Contempor\u00e1nea de Barcelona. Esta actividad es parte del D\u00eda Orwell 2024.<\/p>\n","protected":false},"author":1,"featured_media":597,"comment_status":"closed","ping_status":"closed","sticky":false,"template":"","format":"standard","meta":{"_acf_changed":false,"_et_pb_use_builder":"off","_et_pb_old_content":"","_et_gb_content_width":"","inline_featured_image":false,"footnotes":""},"categories":[18],"tags":[],"class_list":["post-1","post","type-post","status-publish","format-standard","has-post-thumbnail","hentry","category-eventos"],"acf":[],"yoast_head":"<!-- This site is optimized with the Yoast SEO plugin v26.9 - https:\/\/yoast.com\/product\/yoast-seo-wordpress\/ -->\n<title>Orwell Day. Art &amp; Freedom - No Callarem<\/title>\n<meta name=\"robots\" content=\"index, follow, max-snippet:-1, max-image-preview:large, max-video-preview:-1\" \/>\n<link rel=\"canonical\" href=\"https:\/\/nocallarem.org\/orwell-day-art-and-freedom\/\" \/>\n<meta property=\"og:locale\" content=\"es_ES\" \/>\n<meta property=\"og:type\" content=\"article\" \/>\n<meta property=\"og:title\" content=\"Orwell Day. Art &amp; Freedom - No Callarem\" \/>\n<meta property=\"og:description\" content=\"La videoensayista Hito Steyerl, la historiadora del arte Nausika\u00e4 El-Mecky y la activista Maria Alekhina hablar\u00e1n sobre el arte y la libertad en el Centro de Cultura Contempor\u00e1nea de Barcelona. Esta actividad es parte del D\u00eda Orwell 2024.\" \/>\n<meta property=\"og:url\" content=\"https:\/\/nocallarem.org\/orwell-day-art-and-freedom\/\" \/>\n<meta property=\"og:site_name\" content=\"No Callarem\" \/>\n<meta property=\"article:published_time\" content=\"2024-06-19T05:52:50+00:00\" \/>\n<meta property=\"article:modified_time\" content=\"2025-06-05T07:41:02+00:00\" \/>\n<meta property=\"og:image\" content=\"https:\/\/nocallarem.org\/wp-content\/uploads\/2024\/11\/debate-cccb.webp\" \/>\n\t<meta property=\"og:image:width\" content=\"630\" \/>\n\t<meta property=\"og:image:height\" content=\"398\" \/>\n\t<meta property=\"og:image:type\" content=\"image\/webp\" \/>\n<meta name=\"author\" content=\"NO CALLAREM\" \/>\n<meta name=\"twitter:card\" content=\"summary_large_image\" \/>\n<meta name=\"twitter:label1\" content=\"Escrito por\" \/>\n\t<meta name=\"twitter:data1\" content=\"NO CALLAREM\" \/>\n\t<meta name=\"twitter:label2\" content=\"Tiempo de lectura\" \/>\n\t<meta name=\"twitter:data2\" content=\"1 minuto\" \/>\n<script type=\"application\/ld+json\" class=\"yoast-schema-graph\">{\"@context\":\"https:\/\/schema.org\",\"@graph\":[{\"@type\":\"Article\",\"@id\":\"https:\/\/nocallarem.org\/orwell-day-art-and-freedom\/#article\",\"isPartOf\":{\"@id\":\"https:\/\/nocallarem.org\/orwell-day-art-and-freedom\/\"},\"author\":{\"name\":\"NO CALLAREM\",\"@id\":\"https:\/\/nocallarem.org\/#\/schema\/person\/69a06715f4bd4ac48d569fc88de88427\"},\"headline\":\"Orwell Day. Art &#038; Freedom\",\"datePublished\":\"2024-06-19T05:52:50+00:00\",\"dateModified\":\"2025-06-05T07:41:02+00:00\",\"mainEntityOfPage\":{\"@id\":\"https:\/\/nocallarem.org\/orwell-day-art-and-freedom\/\"},\"wordCount\":184,\"image\":{\"@id\":\"https:\/\/nocallarem.org\/orwell-day-art-and-freedom\/#primaryimage\"},\"thumbnailUrl\":\"https:\/\/nocallarem.org\/wp-content\/uploads\/2024\/11\/debate-cccb.webp\",\"articleSection\":[\"Eventos\"],\"inLanguage\":\"es\"},{\"@type\":\"WebPage\",\"@id\":\"https:\/\/nocallarem.org\/orwell-day-art-and-freedom\/\",\"url\":\"https:\/\/nocallarem.org\/orwell-day-art-and-freedom\/\",\"name\":\"Orwell Day. Art & Freedom - No Callarem\",\"isPartOf\":{\"@id\":\"https:\/\/nocallarem.org\/#website\"},\"primaryImageOfPage\":{\"@id\":\"https:\/\/nocallarem.org\/orwell-day-art-and-freedom\/#primaryimage\"},\"image\":{\"@id\":\"https:\/\/nocallarem.org\/orwell-day-art-and-freedom\/#primaryimage\"},\"thumbnailUrl\":\"https:\/\/nocallarem.org\/wp-content\/uploads\/2024\/11\/debate-cccb.webp\",\"datePublished\":\"2024-06-19T05:52:50+00:00\",\"dateModified\":\"2025-06-05T07:41:02+00:00\",\"author\":{\"@id\":\"https:\/\/nocallarem.org\/#\/schema\/person\/69a06715f4bd4ac48d569fc88de88427\"},\"breadcrumb\":{\"@id\":\"https:\/\/nocallarem.org\/orwell-day-art-and-freedom\/#breadcrumb\"},\"inLanguage\":\"es\",\"potentialAction\":[{\"@type\":\"ReadAction\",\"target\":[\"https:\/\/nocallarem.org\/orwell-day-art-and-freedom\/\"]}]},{\"@type\":\"ImageObject\",\"inLanguage\":\"es\",\"@id\":\"https:\/\/nocallarem.org\/orwell-day-art-and-freedom\/#primaryimage\",\"url\":\"https:\/\/nocallarem.org\/wp-content\/uploads\/2024\/11\/debate-cccb.webp\",\"contentUrl\":\"https:\/\/nocallarem.org\/wp-content\/uploads\/2024\/11\/debate-cccb.webp\",\"width\":630,\"height\":398,\"caption\":\"Hito Steyerl, Nausika\u00e4 El- Mecky and Maria Alekhina en el CCCB\"},{\"@type\":\"BreadcrumbList\",\"@id\":\"https:\/\/nocallarem.org\/orwell-day-art-and-freedom\/#breadcrumb\",\"itemListElement\":[{\"@type\":\"ListItem\",\"position\":1,\"name\":\"Home\",\"item\":\"https:\/\/nocallarem.org\/es\/\"},{\"@type\":\"ListItem\",\"position\":2,\"name\":\"Orwell Day. Art &#038; Freedom\"}]},{\"@type\":\"WebSite\",\"@id\":\"https:\/\/nocallarem.org\/#website\",\"url\":\"https:\/\/nocallarem.org\/\",\"name\":\"No Callarem\",\"description\":\"Plataforma en defensa del derecho a la libertad de expresi\u00f3n\",\"potentialAction\":[{\"@type\":\"SearchAction\",\"target\":{\"@type\":\"EntryPoint\",\"urlTemplate\":\"https:\/\/nocallarem.org\/?s={search_term_string}\"},\"query-input\":{\"@type\":\"PropertyValueSpecification\",\"valueRequired\":true,\"valueName\":\"search_term_string\"}}],\"inLanguage\":\"es\"},{\"@type\":\"Person\",\"@id\":\"https:\/\/nocallarem.org\/#\/schema\/person\/69a06715f4bd4ac48d569fc88de88427\",\"name\":\"NO CALLAREM\",\"image\":{\"@type\":\"ImageObject\",\"inLanguage\":\"es\",\"@id\":\"https:\/\/nocallarem.org\/#\/schema\/person\/image\/\",\"url\":\"https:\/\/nocallarem.org\/wp-content\/uploads\/2025\/06\/logo-no-callarem.webp\",\"contentUrl\":\"https:\/\/nocallarem.org\/wp-content\/uploads\/2025\/06\/logo-no-callarem.webp\",\"caption\":\"NO CALLAREM\"},\"description\":\"Con una mirada cr\u00edtica y emp\u00e1tica, No callarem recorre barrios, centros sociales, festivales independientes y proyectos comunitarios, cubriendo eventos culturales que ponen la vida en el centro. Mazclamos cr\u00f3nica, entrevista y opini\u00f3n con una narrativa comprometida que reivindica la belleza y la lucha de quienes crean desde la exclusi\u00f3n. M\u00e1s que escribir sobre arte, No callarem escribe desde el arte como herramienta para dar voz.\",\"sameAs\":[\"https:\/\/nocallarem.org\/\"]}]}<\/script>\n<!-- \/ Yoast SEO plugin. -->","yoast_head_json":{"title":"Orwell Day. Art & Freedom - No Callarem","robots":{"index":"index","follow":"follow","max-snippet":"max-snippet:-1","max-image-preview":"max-image-preview:large","max-video-preview":"max-video-preview:-1"},"canonical":"https:\/\/nocallarem.org\/orwell-day-art-and-freedom\/","og_locale":"es_ES","og_type":"article","og_title":"Orwell Day. Art & Freedom - No Callarem","og_description":"La videoensayista Hito Steyerl, la historiadora del arte Nausika\u00e4 El-Mecky y la activista Maria Alekhina hablar\u00e1n sobre el arte y la libertad en el Centro de Cultura Contempor\u00e1nea de Barcelona. Esta actividad es parte del D\u00eda Orwell 2024.","og_url":"https:\/\/nocallarem.org\/orwell-day-art-and-freedom\/","og_site_name":"No Callarem","article_published_time":"2024-06-19T05:52:50+00:00","article_modified_time":"2025-06-05T07:41:02+00:00","og_image":[{"width":630,"height":398,"url":"https:\/\/nocallarem.org\/wp-content\/uploads\/2024\/11\/debate-cccb.webp","type":"image\/webp"}],"author":"NO CALLAREM","twitter_card":"summary_large_image","twitter_misc":{"Escrito por":"NO CALLAREM","Tiempo de lectura":"1 minuto"},"schema":{"@context":"https:\/\/schema.org","@graph":[{"@type":"Article","@id":"https:\/\/nocallarem.org\/orwell-day-art-and-freedom\/#article","isPartOf":{"@id":"https:\/\/nocallarem.org\/orwell-day-art-and-freedom\/"},"author":{"name":"NO CALLAREM","@id":"https:\/\/nocallarem.org\/#\/schema\/person\/69a06715f4bd4ac48d569fc88de88427"},"headline":"Orwell Day. Art &#038; Freedom","datePublished":"2024-06-19T05:52:50+00:00","dateModified":"2025-06-05T07:41:02+00:00","mainEntityOfPage":{"@id":"https:\/\/nocallarem.org\/orwell-day-art-and-freedom\/"},"wordCount":184,"image":{"@id":"https:\/\/nocallarem.org\/orwell-day-art-and-freedom\/#primaryimage"},"thumbnailUrl":"https:\/\/nocallarem.org\/wp-content\/uploads\/2024\/11\/debate-cccb.webp","articleSection":["Eventos"],"inLanguage":"es"},{"@type":"WebPage","@id":"https:\/\/nocallarem.org\/orwell-day-art-and-freedom\/","url":"https:\/\/nocallarem.org\/orwell-day-art-and-freedom\/","name":"Orwell Day. Art & Freedom - No Callarem","isPartOf":{"@id":"https:\/\/nocallarem.org\/#website"},"primaryImageOfPage":{"@id":"https:\/\/nocallarem.org\/orwell-day-art-and-freedom\/#primaryimage"},"image":{"@id":"https:\/\/nocallarem.org\/orwell-day-art-and-freedom\/#primaryimage"},"thumbnailUrl":"https:\/\/nocallarem.org\/wp-content\/uploads\/2024\/11\/debate-cccb.webp","datePublished":"2024-06-19T05:52:50+00:00","dateModified":"2025-06-05T07:41:02+00:00","author":{"@id":"https:\/\/nocallarem.org\/#\/schema\/person\/69a06715f4bd4ac48d569fc88de88427"},"breadcrumb":{"@id":"https:\/\/nocallarem.org\/orwell-day-art-and-freedom\/#breadcrumb"},"inLanguage":"es","potentialAction":[{"@type":"ReadAction","target":["https:\/\/nocallarem.org\/orwell-day-art-and-freedom\/"]}]},{"@type":"ImageObject","inLanguage":"es","@id":"https:\/\/nocallarem.org\/orwell-day-art-and-freedom\/#primaryimage","url":"https:\/\/nocallarem.org\/wp-content\/uploads\/2024\/11\/debate-cccb.webp","contentUrl":"https:\/\/nocallarem.org\/wp-content\/uploads\/2024\/11\/debate-cccb.webp","width":630,"height":398,"caption":"Hito Steyerl, Nausika\u00e4 El- Mecky and Maria Alekhina en el CCCB"},{"@type":"BreadcrumbList","@id":"https:\/\/nocallarem.org\/orwell-day-art-and-freedom\/#breadcrumb","itemListElement":[{"@type":"ListItem","position":1,"name":"Home","item":"https:\/\/nocallarem.org\/es\/"},{"@type":"ListItem","position":2,"name":"Orwell Day. Art &#038; Freedom"}]},{"@type":"WebSite","@id":"https:\/\/nocallarem.org\/#website","url":"https:\/\/nocallarem.org\/","name":"No Callarem","description":"Plataforma en defensa del derecho a la libertad de expresi\u00f3n","potentialAction":[{"@type":"SearchAction","target":{"@type":"EntryPoint","urlTemplate":"https:\/\/nocallarem.org\/?s={search_term_string}"},"query-input":{"@type":"PropertyValueSpecification","valueRequired":true,"valueName":"search_term_string"}}],"inLanguage":"es"},{"@type":"Person","@id":"https:\/\/nocallarem.org\/#\/schema\/person\/69a06715f4bd4ac48d569fc88de88427","name":"NO CALLAREM","image":{"@type":"ImageObject","inLanguage":"es","@id":"https:\/\/nocallarem.org\/#\/schema\/person\/image\/","url":"https:\/\/nocallarem.org\/wp-content\/uploads\/2025\/06\/logo-no-callarem.webp","contentUrl":"https:\/\/nocallarem.org\/wp-content\/uploads\/2025\/06\/logo-no-callarem.webp","caption":"NO CALLAREM"},"description":"Con una mirada cr\u00edtica y emp\u00e1tica, No callarem recorre barrios, centros sociales, festivales independientes y proyectos comunitarios, cubriendo eventos culturales que ponen la vida en el centro. Mazclamos cr\u00f3nica, entrevista y opini\u00f3n con una narrativa comprometida que reivindica la belleza y la lucha de quienes crean desde la exclusi\u00f3n. M\u00e1s que escribir sobre arte, No callarem escribe desde el arte como herramienta para dar voz.","sameAs":["https:\/\/nocallarem.org\/"]}]}},"_links":{"self":[{"href":"https:\/\/nocallarem.org\/es\/wp-json\/wp\/v2\/posts\/1","targetHints":{"allow":["GET"]}}],"collection":[{"href":"https:\/\/nocallarem.org\/es\/wp-json\/wp\/v2\/posts"}],"about":[{"href":"https:\/\/nocallarem.org\/es\/wp-json\/wp\/v2\/types\/post"}],"author":[{"embeddable":true,"href":"https:\/\/nocallarem.org\/es\/wp-json\/wp\/v2\/users\/1"}],"replies":[{"embeddable":true,"href":"https:\/\/nocallarem.org\/es\/wp-json\/wp\/v2\/comments?post=1"}],"version-history":[{"count":15,"href":"https:\/\/nocallarem.org\/es\/wp-json\/wp\/v2\/posts\/1\/revisions"}],"predecessor-version":[{"id":1102,"href":"https:\/\/nocallarem.org\/es\/wp-json\/wp\/v2\/posts\/1\/revisions\/1102"}],"wp:featuredmedia":[{"embeddable":true,"href":"https:\/\/nocallarem.org\/es\/wp-json\/wp\/v2\/media\/597"}],"wp:attachment":[{"href":"https:\/\/nocallarem.org\/es\/wp-json\/wp\/v2\/media?parent=1"}],"wp:term":[{"taxonomy":"category","embeddable":true,"href":"https:\/\/nocallarem.org\/es\/wp-json\/wp\/v2\/categories?post=1"},{"taxonomy":"post_tag","embeddable":true,"href":"https:\/\/nocallarem.org\/es\/wp-json\/wp\/v2\/tags?post=1"}],"curies":[{"name":"wp","href":"https:\/\/api.w.org\/{rel}","templated":true}]}}