{"id":2500,"date":"2026-02-16T19:53:43","date_gmt":"2026-02-16T18:53:43","guid":{"rendered":"https:\/\/nocallarem.org\/ciclo-de-actividades-arte-y-transformacion-en-el-centro-civico-fort-pienc\/"},"modified":"2026-02-16T20:46:51","modified_gmt":"2026-02-16T19:46:51","slug":"ciclo-de-actividades-arte-y-transformacion-en-el-centro-civico-fort-pienc","status":"publish","type":"post","link":"https:\/\/nocallarem.org\/es\/ciclo-de-actividades-arte-y-transformacion-en-el-centro-civico-fort-pienc\/","title":{"rendered":"Ciclo de actividades \u00abArte y transformaci\u00f3n\u00bb en el Centro C\u00edvico Fort Pienc"},"content":{"rendered":"<h2 data-start=\"1629\" data-end=\"1971\">Cinest\u00e8sies, cine y pensamiento<\/h2>\n<p data-start=\"114\" data-end=\"505\">Cinestesias es un ciclo tem\u00e1tico que une cine y pensamiento para ofrecer herramientas de reflexi\u00f3n y promover una mirada cr\u00edtica sobre los temas que atraviesan la sociedad. Mediante distintas disciplinas y formatos, el proyecto busca repensar la realidad y generar espacios de di\u00e1logo compartido.<\/p>\n<h2 data-start=\"1629\" data-end=\"1971\">Arte y transformaci\u00f3n<\/h2>\n<p>El arte es enegia viva, capaz de transformar lo que parece fijado para siempre. Es una herramienta poderosa que revela lo que queda oculto, que hace visibles realidades a menudo silenciadas y que cuestiona las estructuras que damos por establecidas. El arte conmueve, sacude, despierta; y abre espacios para nuevas miradas sobre el mundo y sobre nosotros mismos.<\/p>\n<p>En contextos de opresi\u00f3n, de silencios impuestos o de censura, el arte se convierte en un acto de resistencia. Se ve cuando no lo hay, es espacio de libertad cuando todo parece cerrado. Transgrede, rompe l\u00edmites y desaf\u00eda normas para adentrarse en lo que incomoda, en lo que arde, en lo que nos obliga a mirar de nuevo.<\/p>\n<p>As\u00ed, el Cinestesias de este trimestre aborda el arte como fuerza transformadora, como espacio de valent\u00eda y de incendio creativo. Un lugar en el que la cultura ilumina, denuncia e inspira; una pulsi\u00f3n viva que sigue empuj\u00e1ndonos hacia futuros m\u00e1s cr\u00edticos, m\u00e1s sensibles y m\u00e1s libres.<\/p>\n<p>El programa de este ciclo est\u00e1 formado por las siguientes actividades:<\/p>\n<h4>La mirada de Osama. De Sud\u00e1n a Catalunya<\/h4>\n<p><strong style=\"color: #666666; font-size: 14px;\">Del 4 de marzo al 9 de abril <br \/><\/strong><span style=\"color: #666666; font-size: 14px;\">Presentaci\u00f3 de la obra de <a href=\"https:\/\/nocallarem.org\/es\/artista\/osama-khalid\/\" target=\"_blank\" rel=\"noopener\">Osama Khalid<\/a>, artista residente en el proyecto NO CALLAREM Barcelona Artistes en Risc.<br \/><a href=\"https:\/\/www.fortpienc.org\/exposicions\/la-mirada-de-losama-del-sudan-a-catalunya\/\" target=\"_blank\" rel=\"noopener\">M\u00e1s informaci\u00f3n<\/a><\/span><\/p>\n<h4>El arte como herramienta de resistencia<\/h4>\n<p><strong style=\"color: #666666; font-size: 14px;\">Mi\u00e9rcoles 4 de marzo, a las 18.30 h<br \/><\/strong><span style=\"color: #666666; font-size: 14px;\">Charla con las persones impulsoras del proyecto NO CALLAREM Barcelona Artistes en Risc y con los activistas culturales iran\u00edes acogidos en residencia en Catalunya (2025 \u2013 2026): <a href=\"https:\/\/nocallarem.org\/es\/artista\/mahsa-mohebali\/\" target=\"_blank\" rel=\"noopener\">Mahsa Mohebali<\/a> y\u00a0<a href=\"https:\/\/nocallarem.org\/es\/artista\/hossein-zoghi\/\" target=\"_blank\" rel=\"noopener\">Hossein Zoghi<\/a>. <br \/><a href=\"https:\/\/www.fortpienc.org\/conferencies\/lart-com-a-eina-de-resistencia\/\" target=\"_blank\" rel=\"noopener\">M\u00e1s informaci\u00f3n<\/a><\/span><\/p>\n<h4>No Callarem, un film por la libertad<\/h4>\n<p><strong style=\"color: #666666; font-size: 14px;\">Jueves 5 de marzo, a las 19 h<br \/><\/strong><span style=\"color: #666666; font-size: 14px;\">Cinef\u00f3rum a cargo de l equipo de <a href=\"https:\/\/holabruna.cat\/\" target=\"_blank\" rel=\"noopener\">BRUNA<\/a>, cooperativa audiovisual.<br \/><a href=\"https:\/\/www.fortpienc.org\/cinema\/no-callarem-un-film-per-a-la-llibertat\/\" target=\"_blank\" rel=\"noopener\">M\u00e1s informaci\u00f3n<\/a><\/span><\/p>\n<h4>Live painting y coloquio posterior<\/h4>\n<p><strong style=\"color: #666666; font-size: 14px;\">Mi\u00e9rcoles 11 de marzo, a las 18.30 h<br \/><\/strong><span style=\"color: #666666; font-size: 14px;\">A cargo de <a href=\"https:\/\/nocallarem.org\/es\/artista\/osama-khalid\/\" target=\"_blank\" rel=\"noopener\">Osama Khalid<\/a> y\u00a0<a href=\"https:\/\/rafacastaner.com\/\" target=\"_blank\" rel=\"noopener\">Rafa Casta\u00f1er.<\/a><br \/><a href=\"https:\/\/www.fortpienc.org\/activitats\/live-painting-i-colloqui-posterior\/\" target=\"_blank\" rel=\"noopener\">M\u00e1s informaci\u00f3n<\/a><\/span><\/p>\n<h4>El d\u00eda de la manzana (Rooz E-Sib)<\/h4>\n<p><strong style=\"color: #666666; font-size: 14px;\">Jueves 12 de marzo, a las 19 h<br \/><\/strong><span style=\"color: #666666; font-size: 14px;\">Cinef\u00f3rum, con el visionado de la pel\u00edcula \u00abEl dia de la Manzana\u00bb (2022), dirigida por <a href=\"https:\/\/nocallarem.org\/es\/artista\/mahmoud-ghaffari\/\" target=\"_blank\" rel=\"noopener\">Mahmoud Gaffari<\/a> y gui\u00f3n de <a href=\"https:\/\/nocallarem.org\/es\/artista\/manhaz-jarchi\/\" target=\"_blank\" rel=\"noopener\">Mahnaz Jarchi<\/a>. Presentaci\u00f3n a cargo de la escritora <a href=\"https:\/\/nocallarem.org\/es\/artista\/mahsa-mohebali\/\" target=\"_blank\" rel=\"noopener\">Mahsa Mohebali<\/a> y del periodista <a href=\"https:\/\/nocallarem.org\/es\/artista\/hossein-zoghi\/\" target=\"_blank\" rel=\"noopener\">Hossein Zoghi<\/a>.<br \/><a href=\"https:\/\/www.fortpienc.org\/cinema\/el-dia-de-la-poma-rooz-e-sib\/\" target=\"_blank\" rel=\"noopener\">M\u00e1s informaci\u00f3n<\/a><\/span><\/p>\n<p><strong>Enlaces de inter\u00e9s:<\/strong><\/p>\n<ul>\n<li><a href=\"https:\/\/www.fortpienc.org\/art-i-transformacio\/\" target=\"_blank\" rel=\"noopener\">Centre C\u00edvic Fort Pienc<\/a><\/li>\n<li><a href=\"https:\/\/www.instagram.com\/mahsamohebali\/\" target=\"_blank\" rel=\"noopener\">Mahsa Mohebali<\/a><\/li>\n<li><a href=\"https:\/\/www.instagram.com\/hosseinzoghijoniur\/\" target=\"_blank\" rel=\"noopener\">Hossein Zoghi<\/a><\/li>\n<li><a href=\"https:\/\/rafacastaner.com\/\" target=\"_blank\" rel=\"noopener\">Rafa Casta\u00f1er<\/a><\/li>\n<li><a href=\"https:\/\/holabruna.cat\/\" target=\"_blank\" rel=\"noopener\">BRUNA Productora Audiovisual SCCL<\/a><\/li>\n<\/ul>\n","protected":false},"excerpt":{"rendered":"<p>Colaboramos en el Centro C\u00edvico Fort Pienc organizando la pr\u00f3xima edici\u00f3n del ciclo \u00abCinestesias, cine y pensamiento\u00bb bajo el t\u00edtulo \u00abArte y transformaci\u00f3n\u00bb.<\/p>\n","protected":false},"author":1,"featured_media":2487,"comment_status":"closed","ping_status":"closed","sticky":false,"template":"","format":"standard","meta":{"_acf_changed":false,"_et_pb_use_builder":"off","_et_pb_old_content":"","_et_gb_content_width":"","inline_featured_image":false,"footnotes":""},"categories":[18],"tags":[],"class_list":["post-2500","post","type-post","status-publish","format-standard","has-post-thumbnail","hentry","category-eventos"],"acf":[],"yoast_head":"<!-- This site is optimized with the Yoast SEO plugin v26.9 - https:\/\/yoast.com\/product\/yoast-seo-wordpress\/ -->\n<title>Ciclo de actividades &quot;Arte y transformaci\u00f3n&quot; en el Centro C\u00edvico Fort Pienc - No Callarem<\/title>\n<meta name=\"description\" content=\"Colaboramos con el Centro C\u00edvico Fort Pienc en el ciclo Cinestesias, cine y pensamiento. Varias actividades bajo el t\u00edtulo &quot;Arte y transformaci\u00f3n&quot;.\" \/>\n<meta name=\"robots\" content=\"index, follow, max-snippet:-1, max-image-preview:large, max-video-preview:-1\" \/>\n<link rel=\"canonical\" href=\"https:\/\/nocallarem.org\/cicle-dactivitats-art-i-transformacio-al-centre-civic-fort-pienc\/\" \/>\n<meta property=\"og:locale\" content=\"es_ES\" \/>\n<meta property=\"og:type\" content=\"article\" \/>\n<meta property=\"og:title\" content=\"Ciclo de actividades &quot;Arte y transformaci\u00f3n&quot; en el Centro C\u00edvico Fort Pienc - No Callarem\" \/>\n<meta property=\"og:description\" content=\"Colaboramos con el Centro C\u00edvico Fort Pienc en el ciclo Cinestesias, cine y pensamiento. Varias actividades bajo el t\u00edtulo &quot;Arte y transformaci\u00f3n&quot;.\" \/>\n<meta property=\"og:url\" content=\"https:\/\/nocallarem.org\/cicle-dactivitats-art-i-transformacio-al-centre-civic-fort-pienc\/\" \/>\n<meta property=\"og:site_name\" content=\"No Callarem\" \/>\n<meta property=\"article:published_time\" content=\"2026-02-16T18:53:43+00:00\" \/>\n<meta property=\"article:modified_time\" content=\"2026-02-16T19:46:51+00:00\" \/>\n<meta property=\"og:image\" content=\"https:\/\/nocallarem.org\/wp-content\/uploads\/2026\/02\/no-callarem-fort-pienc.webp\" \/>\n\t<meta property=\"og:image:width\" content=\"630\" \/>\n\t<meta property=\"og:image:height\" content=\"398\" \/>\n\t<meta property=\"og:image:type\" content=\"image\/webp\" \/>\n<meta name=\"author\" content=\"NO CALLAREM\" \/>\n<meta name=\"twitter:card\" content=\"summary_large_image\" \/>\n<meta name=\"twitter:label1\" content=\"Escrito por\" \/>\n\t<meta name=\"twitter:data1\" content=\"NO CALLAREM\" \/>\n\t<meta name=\"twitter:label2\" content=\"Tiempo de lectura\" \/>\n\t<meta name=\"twitter:data2\" content=\"2 minutos\" \/>\n<script type=\"application\/ld+json\" class=\"yoast-schema-graph\">{\"@context\":\"https:\/\/schema.org\",\"@graph\":[{\"@type\":\"Article\",\"@id\":\"https:\/\/nocallarem.org\/cicle-dactivitats-art-i-transformacio-al-centre-civic-fort-pienc\/#article\",\"isPartOf\":{\"@id\":\"https:\/\/nocallarem.org\/cicle-dactivitats-art-i-transformacio-al-centre-civic-fort-pienc\/\"},\"author\":{\"name\":\"NO CALLAREM\",\"@id\":\"https:\/\/nocallarem.org\/#\/schema\/person\/69a06715f4bd4ac48d569fc88de88427\"},\"headline\":\"Ciclo de actividades \u00abArte y transformaci\u00f3n\u00bb en el Centro C\u00edvico Fort Pienc\",\"datePublished\":\"2026-02-16T18:53:43+00:00\",\"dateModified\":\"2026-02-16T19:46:51+00:00\",\"mainEntityOfPage\":{\"@id\":\"https:\/\/nocallarem.org\/cicle-dactivitats-art-i-transformacio-al-centre-civic-fort-pienc\/\"},\"wordCount\":467,\"image\":{\"@id\":\"https:\/\/nocallarem.org\/cicle-dactivitats-art-i-transformacio-al-centre-civic-fort-pienc\/#primaryimage\"},\"thumbnailUrl\":\"https:\/\/nocallarem.org\/wp-content\/uploads\/2026\/02\/no-callarem-fort-pienc.webp\",\"articleSection\":[\"Eventos\"],\"inLanguage\":\"es\"},{\"@type\":\"WebPage\",\"@id\":\"https:\/\/nocallarem.org\/cicle-dactivitats-art-i-transformacio-al-centre-civic-fort-pienc\/\",\"url\":\"https:\/\/nocallarem.org\/cicle-dactivitats-art-i-transformacio-al-centre-civic-fort-pienc\/\",\"name\":\"Ciclo de actividades \\\"Arte y transformaci\u00f3n\\\" en el Centro C\u00edvico Fort Pienc - No Callarem\",\"isPartOf\":{\"@id\":\"https:\/\/nocallarem.org\/#website\"},\"primaryImageOfPage\":{\"@id\":\"https:\/\/nocallarem.org\/cicle-dactivitats-art-i-transformacio-al-centre-civic-fort-pienc\/#primaryimage\"},\"image\":{\"@id\":\"https:\/\/nocallarem.org\/cicle-dactivitats-art-i-transformacio-al-centre-civic-fort-pienc\/#primaryimage\"},\"thumbnailUrl\":\"https:\/\/nocallarem.org\/wp-content\/uploads\/2026\/02\/no-callarem-fort-pienc.webp\",\"datePublished\":\"2026-02-16T18:53:43+00:00\",\"dateModified\":\"2026-02-16T19:46:51+00:00\",\"author\":{\"@id\":\"https:\/\/nocallarem.org\/#\/schema\/person\/69a06715f4bd4ac48d569fc88de88427\"},\"description\":\"Colaboramos con el Centro C\u00edvico Fort Pienc en el ciclo Cinestesias, cine y pensamiento. Varias actividades bajo el t\u00edtulo \\\"Arte y transformaci\u00f3n\\\".\",\"breadcrumb\":{\"@id\":\"https:\/\/nocallarem.org\/cicle-dactivitats-art-i-transformacio-al-centre-civic-fort-pienc\/#breadcrumb\"},\"inLanguage\":\"es\",\"potentialAction\":[{\"@type\":\"ReadAction\",\"target\":[\"https:\/\/nocallarem.org\/cicle-dactivitats-art-i-transformacio-al-centre-civic-fort-pienc\/\"]}]},{\"@type\":\"ImageObject\",\"inLanguage\":\"es\",\"@id\":\"https:\/\/nocallarem.org\/cicle-dactivitats-art-i-transformacio-al-centre-civic-fort-pienc\/#primaryimage\",\"url\":\"https:\/\/nocallarem.org\/wp-content\/uploads\/2026\/02\/no-callarem-fort-pienc.webp\",\"contentUrl\":\"https:\/\/nocallarem.org\/wp-content\/uploads\/2026\/02\/no-callarem-fort-pienc.webp\",\"width\":630,\"height\":398,\"caption\":\"Art i transformaci\u00f3. Cicle d'activitats al Centre C\u00edvic Fort Pienc de Barcelona\"},{\"@type\":\"BreadcrumbList\",\"@id\":\"https:\/\/nocallarem.org\/cicle-dactivitats-art-i-transformacio-al-centre-civic-fort-pienc\/#breadcrumb\",\"itemListElement\":[{\"@type\":\"ListItem\",\"position\":1,\"name\":\"Home\",\"item\":\"https:\/\/nocallarem.org\/es\/\"},{\"@type\":\"ListItem\",\"position\":2,\"name\":\"Ciclo de actividades \u00abArte y transformaci\u00f3n\u00bb en el Centro C\u00edvico Fort Pienc\"}]},{\"@type\":\"WebSite\",\"@id\":\"https:\/\/nocallarem.org\/#website\",\"url\":\"https:\/\/nocallarem.org\/\",\"name\":\"No Callarem\",\"description\":\"Plataforma en defensa del derecho a la libertad de expresi\u00f3n\",\"potentialAction\":[{\"@type\":\"SearchAction\",\"target\":{\"@type\":\"EntryPoint\",\"urlTemplate\":\"https:\/\/nocallarem.org\/?s={search_term_string}\"},\"query-input\":{\"@type\":\"PropertyValueSpecification\",\"valueRequired\":true,\"valueName\":\"search_term_string\"}}],\"inLanguage\":\"es\"},{\"@type\":\"Person\",\"@id\":\"https:\/\/nocallarem.org\/#\/schema\/person\/69a06715f4bd4ac48d569fc88de88427\",\"name\":\"NO CALLAREM\",\"image\":{\"@type\":\"ImageObject\",\"inLanguage\":\"es\",\"@id\":\"https:\/\/nocallarem.org\/#\/schema\/person\/image\/\",\"url\":\"https:\/\/nocallarem.org\/wp-content\/uploads\/2025\/06\/logo-no-callarem.webp\",\"contentUrl\":\"https:\/\/nocallarem.org\/wp-content\/uploads\/2025\/06\/logo-no-callarem.webp\",\"caption\":\"NO CALLAREM\"},\"description\":\"Con una mirada cr\u00edtica y emp\u00e1tica, No callarem recorre barrios, centros sociales, festivales independientes y proyectos comunitarios, cubriendo eventos culturales que ponen la vida en el centro. Mazclamos cr\u00f3nica, entrevista y opini\u00f3n con una narrativa comprometida que reivindica la belleza y la lucha de quienes crean desde la exclusi\u00f3n. M\u00e1s que escribir sobre arte, No callarem escribe desde el arte como herramienta para dar voz.\",\"sameAs\":[\"https:\/\/nocallarem.org\/\"]}]}<\/script>\n<!-- \/ Yoast SEO plugin. -->","yoast_head_json":{"title":"Ciclo de actividades \"Arte y transformaci\u00f3n\" en el Centro C\u00edvico Fort Pienc - No Callarem","description":"Colaboramos con el Centro C\u00edvico Fort Pienc en el ciclo Cinestesias, cine y pensamiento. Varias actividades bajo el t\u00edtulo \"Arte y transformaci\u00f3n\".","robots":{"index":"index","follow":"follow","max-snippet":"max-snippet:-1","max-image-preview":"max-image-preview:large","max-video-preview":"max-video-preview:-1"},"canonical":"https:\/\/nocallarem.org\/cicle-dactivitats-art-i-transformacio-al-centre-civic-fort-pienc\/","og_locale":"es_ES","og_type":"article","og_title":"Ciclo de actividades \"Arte y transformaci\u00f3n\" en el Centro C\u00edvico Fort Pienc - No Callarem","og_description":"Colaboramos con el Centro C\u00edvico Fort Pienc en el ciclo Cinestesias, cine y pensamiento. Varias actividades bajo el t\u00edtulo \"Arte y transformaci\u00f3n\".","og_url":"https:\/\/nocallarem.org\/cicle-dactivitats-art-i-transformacio-al-centre-civic-fort-pienc\/","og_site_name":"No Callarem","article_published_time":"2026-02-16T18:53:43+00:00","article_modified_time":"2026-02-16T19:46:51+00:00","og_image":[{"width":630,"height":398,"url":"https:\/\/nocallarem.org\/wp-content\/uploads\/2026\/02\/no-callarem-fort-pienc.webp","type":"image\/webp"}],"author":"NO CALLAREM","twitter_card":"summary_large_image","twitter_misc":{"Escrito por":"NO CALLAREM","Tiempo de lectura":"2 minutos"},"schema":{"@context":"https:\/\/schema.org","@graph":[{"@type":"Article","@id":"https:\/\/nocallarem.org\/cicle-dactivitats-art-i-transformacio-al-centre-civic-fort-pienc\/#article","isPartOf":{"@id":"https:\/\/nocallarem.org\/cicle-dactivitats-art-i-transformacio-al-centre-civic-fort-pienc\/"},"author":{"name":"NO CALLAREM","@id":"https:\/\/nocallarem.org\/#\/schema\/person\/69a06715f4bd4ac48d569fc88de88427"},"headline":"Ciclo de actividades \u00abArte y transformaci\u00f3n\u00bb en el Centro C\u00edvico Fort Pienc","datePublished":"2026-02-16T18:53:43+00:00","dateModified":"2026-02-16T19:46:51+00:00","mainEntityOfPage":{"@id":"https:\/\/nocallarem.org\/cicle-dactivitats-art-i-transformacio-al-centre-civic-fort-pienc\/"},"wordCount":467,"image":{"@id":"https:\/\/nocallarem.org\/cicle-dactivitats-art-i-transformacio-al-centre-civic-fort-pienc\/#primaryimage"},"thumbnailUrl":"https:\/\/nocallarem.org\/wp-content\/uploads\/2026\/02\/no-callarem-fort-pienc.webp","articleSection":["Eventos"],"inLanguage":"es"},{"@type":"WebPage","@id":"https:\/\/nocallarem.org\/cicle-dactivitats-art-i-transformacio-al-centre-civic-fort-pienc\/","url":"https:\/\/nocallarem.org\/cicle-dactivitats-art-i-transformacio-al-centre-civic-fort-pienc\/","name":"Ciclo de actividades \"Arte y transformaci\u00f3n\" en el Centro C\u00edvico Fort Pienc - No Callarem","isPartOf":{"@id":"https:\/\/nocallarem.org\/#website"},"primaryImageOfPage":{"@id":"https:\/\/nocallarem.org\/cicle-dactivitats-art-i-transformacio-al-centre-civic-fort-pienc\/#primaryimage"},"image":{"@id":"https:\/\/nocallarem.org\/cicle-dactivitats-art-i-transformacio-al-centre-civic-fort-pienc\/#primaryimage"},"thumbnailUrl":"https:\/\/nocallarem.org\/wp-content\/uploads\/2026\/02\/no-callarem-fort-pienc.webp","datePublished":"2026-02-16T18:53:43+00:00","dateModified":"2026-02-16T19:46:51+00:00","author":{"@id":"https:\/\/nocallarem.org\/#\/schema\/person\/69a06715f4bd4ac48d569fc88de88427"},"description":"Colaboramos con el Centro C\u00edvico Fort Pienc en el ciclo Cinestesias, cine y pensamiento. Varias actividades bajo el t\u00edtulo \"Arte y transformaci\u00f3n\".","breadcrumb":{"@id":"https:\/\/nocallarem.org\/cicle-dactivitats-art-i-transformacio-al-centre-civic-fort-pienc\/#breadcrumb"},"inLanguage":"es","potentialAction":[{"@type":"ReadAction","target":["https:\/\/nocallarem.org\/cicle-dactivitats-art-i-transformacio-al-centre-civic-fort-pienc\/"]}]},{"@type":"ImageObject","inLanguage":"es","@id":"https:\/\/nocallarem.org\/cicle-dactivitats-art-i-transformacio-al-centre-civic-fort-pienc\/#primaryimage","url":"https:\/\/nocallarem.org\/wp-content\/uploads\/2026\/02\/no-callarem-fort-pienc.webp","contentUrl":"https:\/\/nocallarem.org\/wp-content\/uploads\/2026\/02\/no-callarem-fort-pienc.webp","width":630,"height":398,"caption":"Art i transformaci\u00f3. Cicle d'activitats al Centre C\u00edvic Fort Pienc de Barcelona"},{"@type":"BreadcrumbList","@id":"https:\/\/nocallarem.org\/cicle-dactivitats-art-i-transformacio-al-centre-civic-fort-pienc\/#breadcrumb","itemListElement":[{"@type":"ListItem","position":1,"name":"Home","item":"https:\/\/nocallarem.org\/es\/"},{"@type":"ListItem","position":2,"name":"Ciclo de actividades \u00abArte y transformaci\u00f3n\u00bb en el Centro C\u00edvico Fort Pienc"}]},{"@type":"WebSite","@id":"https:\/\/nocallarem.org\/#website","url":"https:\/\/nocallarem.org\/","name":"No Callarem","description":"Plataforma en defensa del derecho a la libertad de expresi\u00f3n","potentialAction":[{"@type":"SearchAction","target":{"@type":"EntryPoint","urlTemplate":"https:\/\/nocallarem.org\/?s={search_term_string}"},"query-input":{"@type":"PropertyValueSpecification","valueRequired":true,"valueName":"search_term_string"}}],"inLanguage":"es"},{"@type":"Person","@id":"https:\/\/nocallarem.org\/#\/schema\/person\/69a06715f4bd4ac48d569fc88de88427","name":"NO CALLAREM","image":{"@type":"ImageObject","inLanguage":"es","@id":"https:\/\/nocallarem.org\/#\/schema\/person\/image\/","url":"https:\/\/nocallarem.org\/wp-content\/uploads\/2025\/06\/logo-no-callarem.webp","contentUrl":"https:\/\/nocallarem.org\/wp-content\/uploads\/2025\/06\/logo-no-callarem.webp","caption":"NO CALLAREM"},"description":"Con una mirada cr\u00edtica y emp\u00e1tica, No callarem recorre barrios, centros sociales, festivales independientes y proyectos comunitarios, cubriendo eventos culturales que ponen la vida en el centro. Mazclamos cr\u00f3nica, entrevista y opini\u00f3n con una narrativa comprometida que reivindica la belleza y la lucha de quienes crean desde la exclusi\u00f3n. M\u00e1s que escribir sobre arte, No callarem escribe desde el arte como herramienta para dar voz.","sameAs":["https:\/\/nocallarem.org\/"]}]}},"_links":{"self":[{"href":"https:\/\/nocallarem.org\/es\/wp-json\/wp\/v2\/posts\/2500","targetHints":{"allow":["GET"]}}],"collection":[{"href":"https:\/\/nocallarem.org\/es\/wp-json\/wp\/v2\/posts"}],"about":[{"href":"https:\/\/nocallarem.org\/es\/wp-json\/wp\/v2\/types\/post"}],"author":[{"embeddable":true,"href":"https:\/\/nocallarem.org\/es\/wp-json\/wp\/v2\/users\/1"}],"replies":[{"embeddable":true,"href":"https:\/\/nocallarem.org\/es\/wp-json\/wp\/v2\/comments?post=2500"}],"version-history":[{"count":2,"href":"https:\/\/nocallarem.org\/es\/wp-json\/wp\/v2\/posts\/2500\/revisions"}],"predecessor-version":[{"id":2502,"href":"https:\/\/nocallarem.org\/es\/wp-json\/wp\/v2\/posts\/2500\/revisions\/2502"}],"wp:featuredmedia":[{"embeddable":true,"href":"https:\/\/nocallarem.org\/es\/wp-json\/wp\/v2\/media\/2487"}],"wp:attachment":[{"href":"https:\/\/nocallarem.org\/es\/wp-json\/wp\/v2\/media?parent=2500"}],"wp:term":[{"taxonomy":"category","embeddable":true,"href":"https:\/\/nocallarem.org\/es\/wp-json\/wp\/v2\/categories?post=2500"},{"taxonomy":"post_tag","embeddable":true,"href":"https:\/\/nocallarem.org\/es\/wp-json\/wp\/v2\/tags?post=2500"}],"curies":[{"name":"wp","href":"https:\/\/api.w.org\/{rel}","templated":true}]}}