{"id":2511,"date":"2026-01-26T20:47:47","date_gmt":"2026-01-26T19:47:47","guid":{"rendered":"https:\/\/nocallarem.org\/visita-de-osama-khalid-al-instituto-marti-pous\/"},"modified":"2026-02-16T21:13:21","modified_gmt":"2026-02-16T20:13:21","slug":"visita-de-osama-khalid-al-instituto-marti-pous","status":"publish","type":"post","link":"https:\/\/nocallarem.org\/es\/visita-de-osama-khalid-al-instituto-marti-pous\/","title":{"rendered":"Visita de Osama Khalid al Instituto Mart\u00ed Pous"},"content":{"rendered":"<p>Gr\u00e0cies a aquesta col\u00b7laboraci\u00f3 amb l&#8217;Institut Mart\u00ed Pous de Barcelona, \u200b\u200b\u200b\u200bl&#8217;artista visual sudan\u00e8s Osama Khalid, resident al nostre projecte NO CALLAREM Barcelona Artistes en Risc, podr\u00e0 compartir les seves experi\u00e8ncies vitals amb l&#8217;alumnat del centre.<\/p>\n<p>L&#8217;objectiu d&#8217;aquesta activitat escolar \u00e9s que els joves prenen consci\u00e8ncia sobre la defensa dels drets culturals i de les persones creadores que s&#8217;enfronten a situacions de greu perill en molts llocs del m\u00f3n.<\/p>\n<p>Tras la charla donde Osama compartir\u00e1 l&#8217;experi\u00e8ncia del seu exili a Egipte a conseq\u00fc\u00e8ncia de la Guerra Civil que asola el seu pa\u00eds, l&#8217;artista mostrar\u00e0 alguns v\u00eddeos en els que oferir\u00e0 a l&#8217;alumnat la seva mirada sobre la ciutat de Barcelona.<\/p>\n<p>Enlla\u00e7os d&#8217;inter\u00e8s:<\/p>\n<ul>\n<li><a href=\"https:\/\/agora.xtec.cat\/insmartipous\/\" target=\"_blank\" rel=\"noopener\">Institut Mart\u00ed Pous<\/a><\/li>\n<li><a href=\"https:\/\/nocallarem.org\/es\/artista\/osama-khalid\/\" target=\"_blank\" rel=\"noopener\">Osama Khalid<\/a><\/li>\n<\/ul>\n","protected":false},"excerpt":{"rendered":"<p>Nuestro residente Ossama Khalid visita a los estudiantes del Institut Mart\u00ed Pous de Barcelona<\/p>\n","protected":false},"author":1,"featured_media":2509,"comment_status":"closed","ping_status":"closed","sticky":false,"template":"","format":"standard","meta":{"_acf_changed":false,"_et_pb_use_builder":"off","_et_pb_old_content":"","_et_gb_content_width":"","inline_featured_image":false,"footnotes":""},"categories":[18],"tags":[],"class_list":["post-2511","post","type-post","status-publish","format-standard","has-post-thumbnail","hentry","category-eventos"],"acf":[],"yoast_head":"<!-- This site is optimized with the Yoast SEO plugin v26.9 - https:\/\/yoast.com\/product\/yoast-seo-wordpress\/ -->\n<title>Visita de Osama Khalid al Instituto Mart\u00ed Pous - No Callarem<\/title>\n<meta name=\"description\" content=\"Nuestro residente Ossama Khalid visita a los estudiantes del Institut Mart\u00ed Pous de Barcelona.\" \/>\n<meta name=\"robots\" content=\"index, follow, max-snippet:-1, max-image-preview:large, max-video-preview:-1\" \/>\n<link rel=\"canonical\" href=\"https:\/\/nocallarem.org\/visita-de-osama-khalid-a-linstitut-marti-pous\/\" \/>\n<meta property=\"og:locale\" content=\"es_ES\" \/>\n<meta property=\"og:type\" content=\"article\" \/>\n<meta property=\"og:title\" content=\"Visita de Osama Khalid al Instituto Mart\u00ed Pous - No Callarem\" \/>\n<meta property=\"og:description\" content=\"Nuestro residente Ossama Khalid visita a los estudiantes del Institut Mart\u00ed Pous de Barcelona.\" \/>\n<meta property=\"og:url\" content=\"https:\/\/nocallarem.org\/visita-de-osama-khalid-a-linstitut-marti-pous\/\" \/>\n<meta property=\"og:site_name\" content=\"No Callarem\" \/>\n<meta property=\"article:published_time\" content=\"2026-01-26T19:47:47+00:00\" \/>\n<meta property=\"article:modified_time\" content=\"2026-02-16T20:13:21+00:00\" \/>\n<meta property=\"og:image\" content=\"https:\/\/nocallarem.org\/wp-content\/uploads\/2026\/01\/osama-khalid-institu-marti-pous.webp\" \/>\n\t<meta property=\"og:image:width\" content=\"630\" \/>\n\t<meta property=\"og:image:height\" content=\"398\" \/>\n\t<meta property=\"og:image:type\" content=\"image\/webp\" \/>\n<meta name=\"author\" content=\"NO CALLAREM\" \/>\n<meta name=\"twitter:card\" content=\"summary_large_image\" \/>\n<meta name=\"twitter:label1\" content=\"Escrito por\" \/>\n\t<meta name=\"twitter:data1\" content=\"NO CALLAREM\" \/>\n\t<meta name=\"twitter:label2\" content=\"Tiempo de lectura\" \/>\n\t<meta name=\"twitter:data2\" content=\"1 minuto\" \/>\n<script type=\"application\/ld+json\" class=\"yoast-schema-graph\">{\"@context\":\"https:\/\/schema.org\",\"@graph\":[{\"@type\":\"Article\",\"@id\":\"https:\/\/nocallarem.org\/visita-de-osama-khalid-a-linstitut-marti-pous\/#article\",\"isPartOf\":{\"@id\":\"https:\/\/nocallarem.org\/visita-de-osama-khalid-a-linstitut-marti-pous\/\"},\"author\":{\"name\":\"NO CALLAREM\",\"@id\":\"https:\/\/nocallarem.org\/#\/schema\/person\/69a06715f4bd4ac48d569fc88de88427\"},\"headline\":\"Visita de Osama Khalid al Instituto Mart\u00ed Pous\",\"datePublished\":\"2026-01-26T19:47:47+00:00\",\"dateModified\":\"2026-02-16T20:13:21+00:00\",\"mainEntityOfPage\":{\"@id\":\"https:\/\/nocallarem.org\/visita-de-osama-khalid-a-linstitut-marti-pous\/\"},\"wordCount\":146,\"image\":{\"@id\":\"https:\/\/nocallarem.org\/visita-de-osama-khalid-a-linstitut-marti-pous\/#primaryimage\"},\"thumbnailUrl\":\"https:\/\/nocallarem.org\/wp-content\/uploads\/2026\/01\/osama-khalid-institu-marti-pous.webp\",\"articleSection\":[\"Eventos\"],\"inLanguage\":\"es\"},{\"@type\":\"WebPage\",\"@id\":\"https:\/\/nocallarem.org\/visita-de-osama-khalid-a-linstitut-marti-pous\/\",\"url\":\"https:\/\/nocallarem.org\/visita-de-osama-khalid-a-linstitut-marti-pous\/\",\"name\":\"Visita de Osama Khalid al Instituto Mart\u00ed Pous - No Callarem\",\"isPartOf\":{\"@id\":\"https:\/\/nocallarem.org\/#website\"},\"primaryImageOfPage\":{\"@id\":\"https:\/\/nocallarem.org\/visita-de-osama-khalid-a-linstitut-marti-pous\/#primaryimage\"},\"image\":{\"@id\":\"https:\/\/nocallarem.org\/visita-de-osama-khalid-a-linstitut-marti-pous\/#primaryimage\"},\"thumbnailUrl\":\"https:\/\/nocallarem.org\/wp-content\/uploads\/2026\/01\/osama-khalid-institu-marti-pous.webp\",\"datePublished\":\"2026-01-26T19:47:47+00:00\",\"dateModified\":\"2026-02-16T20:13:21+00:00\",\"author\":{\"@id\":\"https:\/\/nocallarem.org\/#\/schema\/person\/69a06715f4bd4ac48d569fc88de88427\"},\"description\":\"Nuestro residente Ossama Khalid visita a los estudiantes del Institut Mart\u00ed Pous de Barcelona.\",\"breadcrumb\":{\"@id\":\"https:\/\/nocallarem.org\/visita-de-osama-khalid-a-linstitut-marti-pous\/#breadcrumb\"},\"inLanguage\":\"es\",\"potentialAction\":[{\"@type\":\"ReadAction\",\"target\":[\"https:\/\/nocallarem.org\/visita-de-osama-khalid-a-linstitut-marti-pous\/\"]}]},{\"@type\":\"ImageObject\",\"inLanguage\":\"es\",\"@id\":\"https:\/\/nocallarem.org\/visita-de-osama-khalid-a-linstitut-marti-pous\/#primaryimage\",\"url\":\"https:\/\/nocallarem.org\/wp-content\/uploads\/2026\/01\/osama-khalid-institu-marti-pous.webp\",\"contentUrl\":\"https:\/\/nocallarem.org\/wp-content\/uploads\/2026\/01\/osama-khalid-institu-marti-pous.webp\",\"width\":630,\"height\":398,\"caption\":\"Visita de l'artista Osama Khalid a l'Institut Mart\u00ed Pous\"},{\"@type\":\"BreadcrumbList\",\"@id\":\"https:\/\/nocallarem.org\/visita-de-osama-khalid-a-linstitut-marti-pous\/#breadcrumb\",\"itemListElement\":[{\"@type\":\"ListItem\",\"position\":1,\"name\":\"Home\",\"item\":\"https:\/\/nocallarem.org\/es\/\"},{\"@type\":\"ListItem\",\"position\":2,\"name\":\"Visita de Osama Khalid al Instituto Mart\u00ed Pous\"}]},{\"@type\":\"WebSite\",\"@id\":\"https:\/\/nocallarem.org\/#website\",\"url\":\"https:\/\/nocallarem.org\/\",\"name\":\"No Callarem\",\"description\":\"Plataforma en defensa del derecho a la libertad de expresi\u00f3n\",\"potentialAction\":[{\"@type\":\"SearchAction\",\"target\":{\"@type\":\"EntryPoint\",\"urlTemplate\":\"https:\/\/nocallarem.org\/?s={search_term_string}\"},\"query-input\":{\"@type\":\"PropertyValueSpecification\",\"valueRequired\":true,\"valueName\":\"search_term_string\"}}],\"inLanguage\":\"es\"},{\"@type\":\"Person\",\"@id\":\"https:\/\/nocallarem.org\/#\/schema\/person\/69a06715f4bd4ac48d569fc88de88427\",\"name\":\"NO CALLAREM\",\"image\":{\"@type\":\"ImageObject\",\"inLanguage\":\"es\",\"@id\":\"https:\/\/nocallarem.org\/#\/schema\/person\/image\/\",\"url\":\"https:\/\/nocallarem.org\/wp-content\/uploads\/2025\/06\/logo-no-callarem.webp\",\"contentUrl\":\"https:\/\/nocallarem.org\/wp-content\/uploads\/2025\/06\/logo-no-callarem.webp\",\"caption\":\"NO CALLAREM\"},\"description\":\"Con una mirada cr\u00edtica y emp\u00e1tica, No callarem recorre barrios, centros sociales, festivales independientes y proyectos comunitarios, cubriendo eventos culturales que ponen la vida en el centro. Mazclamos cr\u00f3nica, entrevista y opini\u00f3n con una narrativa comprometida que reivindica la belleza y la lucha de quienes crean desde la exclusi\u00f3n. M\u00e1s que escribir sobre arte, No callarem escribe desde el arte como herramienta para dar voz.\",\"sameAs\":[\"https:\/\/nocallarem.org\/\"]}]}<\/script>\n<!-- \/ Yoast SEO plugin. -->","yoast_head_json":{"title":"Visita de Osama Khalid al Instituto Mart\u00ed Pous - No Callarem","description":"Nuestro residente Ossama Khalid visita a los estudiantes del Institut Mart\u00ed Pous de Barcelona.","robots":{"index":"index","follow":"follow","max-snippet":"max-snippet:-1","max-image-preview":"max-image-preview:large","max-video-preview":"max-video-preview:-1"},"canonical":"https:\/\/nocallarem.org\/visita-de-osama-khalid-a-linstitut-marti-pous\/","og_locale":"es_ES","og_type":"article","og_title":"Visita de Osama Khalid al Instituto Mart\u00ed Pous - No Callarem","og_description":"Nuestro residente Ossama Khalid visita a los estudiantes del Institut Mart\u00ed Pous de Barcelona.","og_url":"https:\/\/nocallarem.org\/visita-de-osama-khalid-a-linstitut-marti-pous\/","og_site_name":"No Callarem","article_published_time":"2026-01-26T19:47:47+00:00","article_modified_time":"2026-02-16T20:13:21+00:00","og_image":[{"width":630,"height":398,"url":"https:\/\/nocallarem.org\/wp-content\/uploads\/2026\/01\/osama-khalid-institu-marti-pous.webp","type":"image\/webp"}],"author":"NO CALLAREM","twitter_card":"summary_large_image","twitter_misc":{"Escrito por":"NO CALLAREM","Tiempo de lectura":"1 minuto"},"schema":{"@context":"https:\/\/schema.org","@graph":[{"@type":"Article","@id":"https:\/\/nocallarem.org\/visita-de-osama-khalid-a-linstitut-marti-pous\/#article","isPartOf":{"@id":"https:\/\/nocallarem.org\/visita-de-osama-khalid-a-linstitut-marti-pous\/"},"author":{"name":"NO CALLAREM","@id":"https:\/\/nocallarem.org\/#\/schema\/person\/69a06715f4bd4ac48d569fc88de88427"},"headline":"Visita de Osama Khalid al Instituto Mart\u00ed Pous","datePublished":"2026-01-26T19:47:47+00:00","dateModified":"2026-02-16T20:13:21+00:00","mainEntityOfPage":{"@id":"https:\/\/nocallarem.org\/visita-de-osama-khalid-a-linstitut-marti-pous\/"},"wordCount":146,"image":{"@id":"https:\/\/nocallarem.org\/visita-de-osama-khalid-a-linstitut-marti-pous\/#primaryimage"},"thumbnailUrl":"https:\/\/nocallarem.org\/wp-content\/uploads\/2026\/01\/osama-khalid-institu-marti-pous.webp","articleSection":["Eventos"],"inLanguage":"es"},{"@type":"WebPage","@id":"https:\/\/nocallarem.org\/visita-de-osama-khalid-a-linstitut-marti-pous\/","url":"https:\/\/nocallarem.org\/visita-de-osama-khalid-a-linstitut-marti-pous\/","name":"Visita de Osama Khalid al Instituto Mart\u00ed Pous - No Callarem","isPartOf":{"@id":"https:\/\/nocallarem.org\/#website"},"primaryImageOfPage":{"@id":"https:\/\/nocallarem.org\/visita-de-osama-khalid-a-linstitut-marti-pous\/#primaryimage"},"image":{"@id":"https:\/\/nocallarem.org\/visita-de-osama-khalid-a-linstitut-marti-pous\/#primaryimage"},"thumbnailUrl":"https:\/\/nocallarem.org\/wp-content\/uploads\/2026\/01\/osama-khalid-institu-marti-pous.webp","datePublished":"2026-01-26T19:47:47+00:00","dateModified":"2026-02-16T20:13:21+00:00","author":{"@id":"https:\/\/nocallarem.org\/#\/schema\/person\/69a06715f4bd4ac48d569fc88de88427"},"description":"Nuestro residente Ossama Khalid visita a los estudiantes del Institut Mart\u00ed Pous de Barcelona.","breadcrumb":{"@id":"https:\/\/nocallarem.org\/visita-de-osama-khalid-a-linstitut-marti-pous\/#breadcrumb"},"inLanguage":"es","potentialAction":[{"@type":"ReadAction","target":["https:\/\/nocallarem.org\/visita-de-osama-khalid-a-linstitut-marti-pous\/"]}]},{"@type":"ImageObject","inLanguage":"es","@id":"https:\/\/nocallarem.org\/visita-de-osama-khalid-a-linstitut-marti-pous\/#primaryimage","url":"https:\/\/nocallarem.org\/wp-content\/uploads\/2026\/01\/osama-khalid-institu-marti-pous.webp","contentUrl":"https:\/\/nocallarem.org\/wp-content\/uploads\/2026\/01\/osama-khalid-institu-marti-pous.webp","width":630,"height":398,"caption":"Visita de l'artista Osama Khalid a l'Institut Mart\u00ed Pous"},{"@type":"BreadcrumbList","@id":"https:\/\/nocallarem.org\/visita-de-osama-khalid-a-linstitut-marti-pous\/#breadcrumb","itemListElement":[{"@type":"ListItem","position":1,"name":"Home","item":"https:\/\/nocallarem.org\/es\/"},{"@type":"ListItem","position":2,"name":"Visita de Osama Khalid al Instituto Mart\u00ed Pous"}]},{"@type":"WebSite","@id":"https:\/\/nocallarem.org\/#website","url":"https:\/\/nocallarem.org\/","name":"No Callarem","description":"Plataforma en defensa del derecho a la libertad de expresi\u00f3n","potentialAction":[{"@type":"SearchAction","target":{"@type":"EntryPoint","urlTemplate":"https:\/\/nocallarem.org\/?s={search_term_string}"},"query-input":{"@type":"PropertyValueSpecification","valueRequired":true,"valueName":"search_term_string"}}],"inLanguage":"es"},{"@type":"Person","@id":"https:\/\/nocallarem.org\/#\/schema\/person\/69a06715f4bd4ac48d569fc88de88427","name":"NO CALLAREM","image":{"@type":"ImageObject","inLanguage":"es","@id":"https:\/\/nocallarem.org\/#\/schema\/person\/image\/","url":"https:\/\/nocallarem.org\/wp-content\/uploads\/2025\/06\/logo-no-callarem.webp","contentUrl":"https:\/\/nocallarem.org\/wp-content\/uploads\/2025\/06\/logo-no-callarem.webp","caption":"NO CALLAREM"},"description":"Con una mirada cr\u00edtica y emp\u00e1tica, No callarem recorre barrios, centros sociales, festivales independientes y proyectos comunitarios, cubriendo eventos culturales que ponen la vida en el centro. Mazclamos cr\u00f3nica, entrevista y opini\u00f3n con una narrativa comprometida que reivindica la belleza y la lucha de quienes crean desde la exclusi\u00f3n. M\u00e1s que escribir sobre arte, No callarem escribe desde el arte como herramienta para dar voz.","sameAs":["https:\/\/nocallarem.org\/"]}]}},"_links":{"self":[{"href":"https:\/\/nocallarem.org\/es\/wp-json\/wp\/v2\/posts\/2511","targetHints":{"allow":["GET"]}}],"collection":[{"href":"https:\/\/nocallarem.org\/es\/wp-json\/wp\/v2\/posts"}],"about":[{"href":"https:\/\/nocallarem.org\/es\/wp-json\/wp\/v2\/types\/post"}],"author":[{"embeddable":true,"href":"https:\/\/nocallarem.org\/es\/wp-json\/wp\/v2\/users\/1"}],"replies":[{"embeddable":true,"href":"https:\/\/nocallarem.org\/es\/wp-json\/wp\/v2\/comments?post=2511"}],"version-history":[{"count":1,"href":"https:\/\/nocallarem.org\/es\/wp-json\/wp\/v2\/posts\/2511\/revisions"}],"predecessor-version":[{"id":2514,"href":"https:\/\/nocallarem.org\/es\/wp-json\/wp\/v2\/posts\/2511\/revisions\/2514"}],"wp:featuredmedia":[{"embeddable":true,"href":"https:\/\/nocallarem.org\/es\/wp-json\/wp\/v2\/media\/2509"}],"wp:attachment":[{"href":"https:\/\/nocallarem.org\/es\/wp-json\/wp\/v2\/media?parent=2511"}],"wp:term":[{"taxonomy":"category","embeddable":true,"href":"https:\/\/nocallarem.org\/es\/wp-json\/wp\/v2\/categories?post=2511"},{"taxonomy":"post_tag","embeddable":true,"href":"https:\/\/nocallarem.org\/es\/wp-json\/wp\/v2\/tags?post=2511"}],"curies":[{"name":"wp","href":"https:\/\/api.w.org\/{rel}","templated":true}]}}